{"id":59401,"date":"2024-10-06T19:59:29","date_gmt":"2024-10-06T17:59:29","guid":{"rendered":"https:\/\/monvtt.ch\/?p=34540"},"modified":"2026-08-23T11:22:41","modified_gmt":"2026-08-23T11:22:41","slug":"destockage-fin-de-saison-vtt-ebike-gravel","status":"publish","type":"post","link":"https:\/\/www.tracea.ch\/en\/blog\/destockage-fin-de-saison-vtt-ebike-gravel\/","title":{"rendered":"D\u00e9stockage fin de saison &#8211; VTT &#8211; Ebike &#8211; Gravel"},"content":{"rendered":"<h2>D\u00e9stockage VTT chez tracea.ch<\/h2>\n<p>Retrouvez sur cette page notre\u00a0<strong>destockage VTT<\/strong> sur de grandes marques comme Trek, Scott ou encore Yeti. Les meilleurs mod\u00e8les de VTT et VTT Electriques sont disponibles au meilleur prix que vous recherchiez un VTT enduro ou cross-country. Le <strong>d\u00e9stockage VTT<\/strong>\u00a0est l&rsquo;occasion de s&rsquo;\u00e9quiper avec un v\u00e9lo d&rsquo;une gamme sup\u00e9rieure avec un budget \u00e9gal. Les promotions faites sur les grandes marques de VTT vous permettront de rouler en toute s\u00e9curit\u00e9 et de prendre du plaisir sur votre v\u00e9lo.<\/p>\n<p>Chez tracea.ch le d\u00e9stockage a lieu \u00e0 l&rsquo;occasion de notre <a href=\"https:\/\/monvtt.ch\/bike-test-samedi-12-octobre-2024.html\" target=\"_blank\" rel=\"noopener\">journ\u00e9e test du 12 octobre<\/a> \u00e0 Saint-Cergue. Ainsi que vous pr\u00e9f\u00e9riez un VTT semi-rigide ou VTT tout-suspendu, vous trouverez l&rsquo;objet de votre convoitise. Ces v\u00e9los sont disponibles en stock.<\/p>\n<div class=\"wpmf-gallerys wpmf-gallerys-life\" ><div id=\"gallery-1\" class=\"gallery gallery_life wpmf_gallery_default gallery_default  gallery-columns-3 gallery-size-large gallery-link-post wpmf-has-border-radius-0 wpmf-gutterwidth-5 no_ratio\"><figure class=\"wpmf-gallery-item\" data-index=\"0\"><div class=\"wpmf-gallery-icon\"><div class=\"square_thumbnail\"><div class=\"img_centered\"><a class=\"not_video noLightbox\" data-lightbox=\"0\" data-href=\"https:\/\/www.tracea.ch\/wp-content\/uploads\/2026\/Vaude\/43260_010_6-788x1024.jpg\" title=\"43260 010 6\" target=\"_self\" data-index=\"0\"><img decoding=\"async\" class=\"wpmf_img\" alt=\"43260 010 6\" src=\"https:\/\/www.tracea.ch\/wp-content\/uploads\/2026\/Vaude\/43260_010_6-788x1024.jpg\" data-type=\"wpmfgalleryimg\" data-attachment-id=\"34549\" data-wpmf-size=\"large\" data-lazy-src=\"https:\/\/www.tracea.ch\/wp-content\/uploads\/2026\/Vaude\/43260_010_6-788x1024.jpg\"><\/a><\/div><\/div><\/div><\/figure><figure class=\"wpmf-gallery-item\" data-index=\"1\"><div class=\"wpmf-gallery-icon\"><div class=\"square_thumbnail\"><div class=\"img_centered\"><a class=\"not_video noLightbox\" data-lightbox=\"0\" data-href=\"https:\/\/www.tracea.ch\/wp-content\/uploads\/2026\/Vaude\/43260_010_b_6-788x1024.jpg\" title=\"43260 010 B 6\" target=\"_self\" data-index=\"1\"><img decoding=\"async\" class=\"wpmf_img\" alt=\"43260 010 B 6\" src=\"https:\/\/www.tracea.ch\/wp-content\/uploads\/2026\/Vaude\/43260_010_b_6-788x1024.jpg\" data-type=\"wpmfgalleryimg\" data-attachment-id=\"34553\" data-wpmf-size=\"large\" data-lazy-src=\"https:\/\/www.tracea.ch\/wp-content\/uploads\/2026\/Vaude\/43260_010_b_6-788x1024.jpg\"><\/a><\/div><\/div><\/div><\/figure><figure class=\"wpmf-gallery-item\" data-index=\"2\"><div class=\"wpmf-gallery-icon\"><div class=\"square_thumbnail\"><div class=\"img_centered\"><a class=\"not_video noLightbox\" data-lightbox=\"0\" data-href=\"https:\/\/www.tracea.ch\/wp-content\/uploads\/2026\/Vaude\/43260_010_d_6-788x1024.jpg\" title=\"43260 010 D 6\" target=\"_self\" data-index=\"2\"><img decoding=\"async\" class=\"wpmf_img\" alt=\"43260 010 D 6\" src=\"https:\/\/www.tracea.ch\/wp-content\/uploads\/2026\/Vaude\/43260_010_d_6-788x1024.jpg\" data-type=\"wpmfgalleryimg\" data-attachment-id=\"34558\" data-wpmf-size=\"large\" data-lazy-src=\"https:\/\/www.tracea.ch\/wp-content\/uploads\/2026\/Vaude\/43260_010_d_6-788x1024.jpg\"><\/a><\/div><\/div><\/div><\/figure><figure class=\"wpmf-gallery-item\" data-index=\"3\"><div class=\"wpmf-gallery-icon\"><div class=\"square_thumbnail\"><div class=\"img_centered\"><a class=\"not_video noLightbox\" data-lightbox=\"0\" data-href=\"https:\/\/www.tracea.ch\/wp-content\/uploads\/2026\/Vaude\/43260_010_s1_6-782x1024.jpg\" title=\"43260 010 S1 6\" target=\"_self\" data-index=\"3\"><img decoding=\"async\" class=\"wpmf_img\" alt=\"43260 010 S1 6\" src=\"https:\/\/www.tracea.ch\/wp-content\/uploads\/2026\/Vaude\/43260_010_s1_6-782x1024.jpg\" data-type=\"wpmfgalleryimg\" data-attachment-id=\"34562\" data-wpmf-size=\"large\" data-lazy-src=\"https:\/\/www.tracea.ch\/wp-content\/uploads\/2026\/Vaude\/43260_010_s1_6-782x1024.jpg\"><\/a><\/div><\/div><\/div><\/figure><figure class=\"wpmf-gallery-item\" data-index=\"4\"><div class=\"wpmf-gallery-icon\"><div class=\"square_thumbnail\"><div class=\"img_centered\"><a class=\"not_video noLightbox\" data-lightbox=\"0\" data-href=\"https:\/\/www.tracea.ch\/wp-content\/uploads\/2026\/Vaude\/43260_010_s_6-804x1024.jpg\" title=\"43260 010 S 6\" target=\"_self\" data-index=\"4\"><img decoding=\"async\" class=\"wpmf_img\" alt=\"43260 010 S 6\" src=\"https:\/\/www.tracea.ch\/wp-content\/uploads\/2026\/Vaude\/43260_010_s_6-804x1024.jpg\" data-type=\"wpmfgalleryimg\" data-attachment-id=\"34567\" data-wpmf-size=\"large\" data-lazy-src=\"https:\/\/www.tracea.ch\/wp-content\/uploads\/2026\/Vaude\/43260_010_s_6-804x1024.jpg\"><\/a><\/div><\/div><\/div><\/figure><\/div><\/div>\n<p>\u00a0<\/p>","protected":false},"excerpt":{"rendered":"<p>D\u00e9stockage VTT chez tracea.ch Retrouvez sur cette page notre\u00a0destockage VTT sur de grandes marques comme Trek, Scott ou encore Yeti. Les meilleurs mod\u00e8les de VTT et VTT Electriques sont disponibles au meilleur prix que vous recherchiez un VTT enduro ou cross-country. Le d\u00e9stockage VTT\u00a0est l&rsquo;occasion de s&rsquo;\u00e9quiper avec un v\u00e9lo d&rsquo;une gamme sup\u00e9rieure avec un [&hellip;]<\/p>\n","protected":false},"author":1,"featured_media":0,"comment_status":"closed","ping_status":"closed","sticky":false,"template":"","format":"gallery","meta":{"footnotes":""},"categories":[801],"tags":[808],"class_list":["post-59401","post","type-post","status-publish","format-gallery","hentry","category-blog","tag-actualites","post_format-post-format-gallery"],"_links":{"self":[{"href":"https:\/\/www.tracea.ch\/en\/wp-json\/wp\/v2\/posts\/59401","targetHints":{"allow":["GET"]}}],"collection":[{"href":"https:\/\/www.tracea.ch\/en\/wp-json\/wp\/v2\/posts"}],"about":[{"href":"https:\/\/www.tracea.ch\/en\/wp-json\/wp\/v2\/types\/post"}],"author":[{"embeddable":true,"href":"https:\/\/www.tracea.ch\/en\/wp-json\/wp\/v2\/users\/1"}],"replies":[{"embeddable":true,"href":"https:\/\/www.tracea.ch\/en\/wp-json\/wp\/v2\/comments?post=59401"}],"version-history":[{"count":1,"href":"https:\/\/www.tracea.ch\/en\/wp-json\/wp\/v2\/posts\/59401\/revisions"}],"predecessor-version":[{"id":60010,"href":"https:\/\/www.tracea.ch\/en\/wp-json\/wp\/v2\/posts\/59401\/revisions\/60010"}],"wp:attachment":[{"href":"https:\/\/www.tracea.ch\/en\/wp-json\/wp\/v2\/media?parent=59401"}],"wp:term":[{"taxonomy":"category","embeddable":true,"href":"https:\/\/www.tracea.ch\/en\/wp-json\/wp\/v2\/categories?post=59401"},{"taxonomy":"post_tag","embeddable":true,"href":"https:\/\/www.tracea.ch\/en\/wp-json\/wp\/v2\/tags?post=59401"}],"curies":[{"name":"wp","href":"https:\/\/api.w.org\/{rel}","templated":true}]}}