{"id":59423,"date":"2026-03-10T09:31:13","date_gmt":"2026-03-10T08:31:13","guid":{"rendered":"https:\/\/monvtt.ch\/?p=35108"},"modified":"2026-08-23T11:22:41","modified_gmt":"2026-08-23T11:22:41","slug":"kids-bike-trophy","status":"publish","type":"post","link":"https:\/\/www.tracea.ch\/en\/blog\/kids-bike-trophy\/","title":{"rendered":"Kid\u2019s Bike Trophy \u2013 Children\u2019s Mountain Bike Race"},"content":{"rendered":"<h3>Course de VTT r\u00e9serv\u00e9e aux enfants de 2 \u00e0 16 ans.<\/h3>\n<p>Le samedi 3 octobre 2026, Saint-Cergue vivra au rythme des petits champions du VTT !<\/p>\n<p>A l&rsquo;occasion de sa journ\u00e9e Bike Test, le magasin <span style=\"color: #0000ff;\"><span style=\"color: #33cccc;\"><strong>tracea.ch<\/strong><\/span>,<\/span> en collaboration avec <span style=\"color: #33cccc;\">l\u2019<strong><a style=\"color: #33cccc;\" href=\"https:\/\/www.adn-association.ch\/\" target=\"_blank\" rel=\"noopener\">association ADN<\/a>,<\/strong><\/span> organise une grande journ\u00e9e de course destin\u00e9e aux enfants de 2 \u00e0 16 ans. L\u2019\u00e9v\u00e9nement se veut avant tout festif, convivial et ouvert \u00e0 tous, qu\u2019il s\u2019agisse de jeunes passionn\u00e9s d\u00e9j\u00e0 mordus de v\u00e9lo ou d\u2019enfants qui d\u00e9couvrent leurs premi\u00e8res sensations sur deux roues.<\/p>\n<p>Pour que chacun trouve son plaisir, 7 cat\u00e9gories de niveaux sont pr\u00e9vues, avec des parcours allant de 250 m\u00e8tres \u00e0 14 kilom\u00e8tres. Les plus petits pourront s\u2019\u00e9lancer en toute s\u00e9curit\u00e9, et m\u00eame les draisiennes auront leur place sur la ligne de d\u00e9part ! Les plus grands, quant \u00e0 eux, pourront relever de vrais petits d\u00e9fis adapt\u00e9s \u00e0 leur \u00e2ge et \u00e0 leur niveau.<\/p>\n<p>Au-del\u00e0 de l\u2019aspect sportif, cette journ\u00e9e sera avant tout une f\u00eate du v\u00e9lo et du partage. Chaque participant recevra un lot souvenir, car l\u2019important est de participer, de s\u2019amuser et de vivre un moment inoubliable entour\u00e9 de sa famille et de ses amis.<\/p>\n<p>Que vous soyez parents, grands-parents ou amis, venez nombreux encourager ces jeunes coureurs et profiter d\u2019une ambiance conviviale dans le cadre accueillant de Saint-Cergue.<\/p>\n<p>Viens relever le d\u00e9fi, t\u2019amuser et partager ta passion du VTT dans une ambiance festive !<\/p>\n<h3>\ud83d\udeb4\u200d\u2642\ufe0f Course VTT Enfants \u2013 Saint-Cergue \ud83d\udeb4\u200d\u2640\ufe0f<\/h3>\n<h4><strong>\ud83d\udcc5 Samedi 3 octobre<\/strong><\/h4>\n<p>\ud83d\udccd Saint-Cergue<\/p>\n<p>\ud83d\udc49 Courses ouvertes aux enfants de 2 \u00e0 16 ans<\/p>\n<p>\ud83d\udc49 7 cat\u00e9gories de niveaux, avec des parcours adapt\u00e9s de 250 m \u00e0 14 km<\/p>\n<p>\ud83d\udc49 Draisiennes bienvenues<\/p>\n<p>\ud83d\udc49 Un lot pour chaque participant<\/p>\n<p>\ud83d\udc49 Vestiaires \u00e0 disposition<\/p>\n<p>\ud83d\udc49 Restauration sur place<\/p>\n<h4><\/h4>\n<h4 class=\"text-build-content\"><strong>\ud83d\udd52 Programme de la journ\u00e9e<\/strong><\/h4>\n<p class=\"text-build-content\">9h00 \u2013 11h00 : reconnaissances des parcours<\/p>\n<p>11h00 : D\u00e9part \u00ab Poussins \u00bb (filles et gar\u00e7ons)<\/p>\n<p>11h30 : D\u00e9part \u00ab Soft \u00bb (filles et gar\u00e7ons)<\/p>\n<p>12h00 : D\u00e9part \u00ab Speedy \u00bb (filles et gar\u00e7ons)<\/p>\n<p class=\"text-build-content\">12h00 &#8211; Repas sous le chapiteau et remise des prix<\/p>\n<p class=\"text-build-content\">12h30 &#8211; D\u00e9monstration de BMX-Flat<\/p>\n<p class=\"text-build-content\">13h30 : D\u00e9part \u00ab Cross \u00bb (filles et gar\u00e7ons)<\/p>\n<p class=\"text-build-content\">14h15 : D\u00e9part \u00ab Rock \u00bb (filles et gar\u00e7ons)<\/p>\n<p class=\"text-build-content\">15h00 : D\u00e9parts \u00ab M\u00e9ga \u00bb &amp; \u00ab Cadet \u00bb (filles et gar\u00e7ons)<\/p>\n<p class=\"text-build-content\">16h00 : Remise des prix<\/p>\n<p><strong>\ud83d\udcb0 Tarif d\u2019inscription :<\/strong> A partir de 15 CHF en ligne \/ Gratuit jusqu\u2019\u00e0 4 ans<\/p>\n<h2>INSCRIPTION EN LIGNE : <script type=\"text\/javascript\" src=\"https:\/\/www.mso-chrono.ch\/widget\/race.php?id=2536&amp;lg=fr&amp;t=1\"><\/script><\/h2>\n<p>\u00a0<\/p>\n<p class=\"text-build-content\">Vous trouverez ci-dessous les informations concernant l&rsquo;acc\u00e8s et le programme de la journ\u00e9e.<\/p>\n<p class=\"text-build-content\">Veuillez utiliser les deux parkings payants \u00e0 proximit\u00e9 ou les transports publics. Il est \u00e9galement possible de stationner aux Cheseaux (Route du T\u00e9l\u00e9si\u00e8ge), qui se trouve \u00e0 5 minutes \u00e0 pieds.<\/p>\n<p class=\"text-build-content\">Les dossards pourront \u00eatre retir\u00e9s sous la \u00ab\u00a0tente course\u00a0\u00bb \u00e0 partir de 9h00 et jusqu&rsquo;\u00e0 30 minutes avant le d\u00e9part.<\/p>\n<p class=\"text-build-content\">Le port d&rsquo;un casque adapt\u00e9 \u00e0 la t\u00eate de votre enfant et \u00e9videmment obligatoire.<\/p>\n<p class=\"text-build-content\">Les essais se d\u00e9rouleront le matin de 9h00 \u00e0 11h00. Pour plus de plaisir et moins de stress, nous recommandons \u00e0 votre enfant de reconnaitre le parcours avant la course.<\/p>\n<p class=\"text-build-content\">Avant le d\u00e9part des courses et \u00e0 tous moments de la journ\u00e9e, vous pourrez vous restaurez sous le chapiteau.<\/p>\n<p class=\"text-build-content\">Aux environs de 12h30 ne manquez pas la d\u00e9monstration de v\u00e9lo acrobatique qui se d\u00e9roulera sous le chapiteau.<\/p>\n<p class=\"text-build-content\">Les remises des prix se feront sous le chapiteau principal ou dans la salle du Vallon suivant la m\u00e9t\u00e9o<\/p>\n<p class=\"text-build-content\">Il sera possible de nettoyer votre v\u00e9lo derri\u00e8re le b\u00e2timent de l&rsquo;office de tourisme.<\/p>\n<p class=\"text-build-content\">Nous vous rappelons \u00e9galement que les plus grands peuvent profiter de notre journ\u00e9e test pour d\u00e9couvrir et essayer nos VTT, VTT Electrique ou gravel !<\/p>\n<h3 style=\"text-align: center;\" data-start=\"581\" data-end=\"618\"><strong>R\u00c9PARTITION PAR CAT\u00c9GORIES D&rsquo;\u00c2GES<\/strong><\/h3>\n<table width=\"848\">\n<tbody>\n<tr>\n<td style=\"text-align: center;\" colspan=\"8\" width=\"848\">KIDS BIKE TROPHY 2026<\/td>\n<\/tr>\n<tr>\n<td style=\"text-align: center;\">Cat\u00e9gorie<\/td>\n<td style=\"text-align: center;\">Ann\u00e9e de naissance<\/td>\n<td style=\"text-align: center;\" colspan=\"2\">Age (inclusif)<\/td>\n<td style=\"text-align: center;\">Distance<\/td>\n<td style=\"text-align: center;\">D\u00e9nivel\u00e9<\/td>\n<td style=\"text-align: center;\">Parcours<\/td>\n<td style=\"text-align: center;\">D\u00e9part<\/td>\n<\/tr>\n<tr>\n<td style=\"text-align: center;\">Cadets<\/td>\n<td style=\"text-align: center;\">2010 &#8211; 2011<\/td>\n<td style=\"text-align: center;\">15<\/td>\n<td style=\"text-align: center;\">16<\/td>\n<td style=\"text-align: center;\">14 km<\/td>\n<td style=\"text-align: center;\">\u00a0+408 m<\/td>\n<td style=\"text-align: center;\">4 grandes boucles<\/td>\n<td style=\"text-align: center;\">15h00<\/td>\n<\/tr>\n<tr>\n<td style=\"text-align: center;\">Cadettes<\/td>\n<td style=\"text-align: center;\">2010 &#8211; 2011<\/td>\n<td style=\"text-align: center;\">15<\/td>\n<td style=\"text-align: center;\">16<\/td>\n<td style=\"text-align: center;\">14 km<\/td>\n<td style=\"text-align: center;\">\u00a0+408 m<\/td>\n<td style=\"text-align: center;\">4 grandes boucles<\/td>\n<td style=\"text-align: center;\">15h00<\/td>\n<\/tr>\n<tr>\n<td style=\"text-align: center;\">M\u00e9ga Filles<\/td>\n<td style=\"text-align: center;\">2012 &#8211; 2013<\/td>\n<td style=\"text-align: center;\">13<\/td>\n<td style=\"text-align: center;\">14<\/td>\n<td style=\"text-align: center;\">7 km<\/td>\n<td style=\"text-align: center;\">\u00a0+204 m<\/td>\n<td style=\"text-align: center;\">2 grandes boucles<\/td>\n<td style=\"text-align: center;\">15h00<\/td>\n<\/tr>\n<tr>\n<td style=\"text-align: center;\">M\u00e9ga Gar\u00e7ons<\/td>\n<td style=\"text-align: center;\">2012 &#8211; 2013<\/td>\n<td style=\"text-align: center;\">13<\/td>\n<td style=\"text-align: center;\">14<\/td>\n<td style=\"text-align: center;\">7 km<\/td>\n<td style=\"text-align: center;\">\u00a0+204 m<\/td>\n<td style=\"text-align: center;\">2 grandes boucles<\/td>\n<td style=\"text-align: center;\">15h00<\/td>\n<\/tr>\n<tr>\n<td style=\"text-align: center;\">Rock Filles<\/td>\n<td style=\"text-align: center;\">2014 &#8211; 2015<\/td>\n<td style=\"text-align: center;\">11<\/td>\n<td style=\"text-align: center;\">12<\/td>\n<td style=\"text-align: center;\">3,4 km<\/td>\n<td style=\"text-align: center;\">\u00a0+102 m<\/td>\n<td style=\"text-align: center;\">1 grande boucle<\/td>\n<td style=\"text-align: center;\">14h15<\/td>\n<\/tr>\n<tr>\n<td style=\"text-align: center;\">Rock Gar\u00e7ons<\/td>\n<td style=\"text-align: center;\">2014 &#8211; 2015<\/td>\n<td style=\"text-align: center;\">11<\/td>\n<td style=\"text-align: center;\">12<\/td>\n<td style=\"text-align: center;\">3,4 km<\/td>\n<td style=\"text-align: center;\">\u00a0+102 m<\/td>\n<td style=\"text-align: center;\">1 grande boucle<\/td>\n<td style=\"text-align: center;\">14h15<\/td>\n<\/tr>\n<tr>\n<td style=\"text-align: center;\">Cross Filles<\/td>\n<td style=\"text-align: center;\">2016 &#8211; 2017<\/td>\n<td style=\"text-align: center;\">9<\/td>\n<td style=\"text-align: center;\">10<\/td>\n<td style=\"text-align: center;\">2,7 km<\/td>\n<td style=\"text-align: center;\">\u00a0+60 m<\/td>\n<td style=\"text-align: center;\">3 boucles<\/td>\n<td style=\"text-align: center;\">13h30<\/td>\n<\/tr>\n<tr>\n<td style=\"text-align: center;\">Cross Gar\u00e7ons<\/td>\n<td style=\"text-align: center;\">2016 &#8211; 2017<\/td>\n<td style=\"text-align: center;\">9<\/td>\n<td style=\"text-align: center;\">10<\/td>\n<td style=\"text-align: center;\">2,7 km<\/td>\n<td style=\"text-align: center;\">\u00a0+60 m<\/td>\n<td style=\"text-align: center;\">3 boucles<\/td>\n<td style=\"text-align: center;\">13h30<\/td>\n<\/tr>\n<tr>\n<td style=\"text-align: center;\">Soft Gar\u00e7ons<\/td>\n<td style=\"text-align: center;\">2018 &#8211; 2020<\/td>\n<td style=\"text-align: center;\">6<\/td>\n<td style=\"text-align: center;\">8<\/td>\n<td style=\"text-align: center;\">1,8 km<\/td>\n<td style=\"text-align: center;\">\u00a0+40 m<\/td>\n<td style=\"text-align: center;\">2 boucles<\/td>\n<td style=\"text-align: center;\">11h30<\/td>\n<\/tr>\n<tr>\n<td style=\"text-align: center;\">Soft Filles<\/td>\n<td style=\"text-align: center;\">2018 &#8211; 2020<\/td>\n<td style=\"text-align: center;\">6<\/td>\n<td style=\"text-align: center;\">8<\/td>\n<td style=\"text-align: center;\">1,8 km<\/td>\n<td style=\"text-align: center;\">\u00a0+40 m<\/td>\n<td style=\"text-align: center;\">2 boucles<\/td>\n<td style=\"text-align: center;\">11h30<\/td>\n<\/tr>\n<tr>\n<td style=\"text-align: center;\">Poussins Filles<\/td>\n<td style=\"text-align: center;\">2021 &#8211; 2022<\/td>\n<td style=\"text-align: center;\">4<\/td>\n<td style=\"text-align: center;\">5<\/td>\n<td style=\"text-align: center;\">0,9 km<\/td>\n<td style=\"text-align: center;\">\u00a0+20 m<\/td>\n<td style=\"text-align: center;\">1 boucle<\/td>\n<td style=\"text-align: center;\">11h00<\/td>\n<\/tr>\n<tr>\n<td style=\"text-align: center;\">Poussins Gar\u00e7ons<\/td>\n<td style=\"text-align: center;\">2021 &#8211; 2022<\/td>\n<td style=\"text-align: center;\">4<\/td>\n<td style=\"text-align: center;\">5<\/td>\n<td style=\"text-align: center;\">0,9 km<\/td>\n<td style=\"text-align: center;\">\u00a0+20 m<\/td>\n<td style=\"text-align: center;\">1 boucle<\/td>\n<td style=\"text-align: center;\">11h00<\/td>\n<\/tr>\n<tr>\n<td style=\"text-align: center;\">Speedy Filles<\/td>\n<td style=\"text-align: center;\">2023 &#8211; 2025<\/td>\n<td style=\"text-align: center;\">1<\/td>\n<td style=\"text-align: center;\">3<\/td>\n<td style=\"text-align: center;\">250 m\u00e8tres<\/td>\n<td style=\"text-align: center;\"><\/td>\n<td style=\"text-align: center;\">1 mini boucle<\/td>\n<td style=\"text-align: center;\">12h00<\/td>\n<\/tr>\n<tr>\n<td style=\"text-align: center;\">Speedy Gar\u00e7ons<\/td>\n<td style=\"text-align: center;\">2023 &#8211; 2025<\/td>\n<td style=\"text-align: center;\">1<\/td>\n<td style=\"text-align: center;\">3<\/td>\n<td style=\"text-align: center;\">250 m\u00e8tres<\/td>\n<td style=\"text-align: center;\"><\/td>\n<td style=\"text-align: center;\">1 mini boucle<\/td>\n<td style=\"text-align: center;\">12h00<\/td>\n<\/tr>\n<\/tbody>\n<\/table>\n<h3 style=\"text-align: center;\"><strong>PLAN D&rsquo;ACCES ET INFORMATIONS &#8211; (A VENIR)<\/strong><\/h3>\n<p>\u00a0<\/p>\n<p>\u00a0<\/p>\n<h3 style=\"text-align: center;\"><strong>PARCOURS<\/strong><\/h3>\n<p><a href=\"https:\/\/www.tracea.ch\/wp-content\/uploads\/2026\/03\/Grande-boucle-3D.jpg\"><img fetchpriority=\"high\" decoding=\"async\" class=\"aligncenter wp-image-35466 size-large\" src=\"https:\/\/www.tracea.ch\/wp-content\/uploads\/2026\/03\/Grande-boucle-3D-1024x492.jpg\" alt=\"\" width=\"1024\" height=\"492\"><\/a><\/p>","protected":false},"excerpt":{"rendered":"<p>Course de VTT r\u00e9serv\u00e9e aux enfants de 2 \u00e0 16 ans. Le samedi 3 octobre 2026, Saint-Cergue vivra au rythme des petits champions du VTT ! A l&rsquo;occasion de sa journ\u00e9e Bike Test, le magasin tracea.ch, en collaboration avec l\u2019association ADN, organise une grande journ\u00e9e de course destin\u00e9e aux enfants de 2 \u00e0 16 ans. [&hellip;]<\/p>\n","protected":false},"author":1,"featured_media":59922,"comment_status":"closed","ping_status":"closed","sticky":false,"template":"","format":"standard","meta":{"footnotes":""},"categories":[801],"tags":[808],"class_list":["post-59423","post","type-post","status-publish","format-standard","has-post-thumbnail","hentry","category-blog","tag-actualites"],"_links":{"self":[{"href":"https:\/\/www.tracea.ch\/en\/wp-json\/wp\/v2\/posts\/59423","targetHints":{"allow":["GET"]}}],"collection":[{"href":"https:\/\/www.tracea.ch\/en\/wp-json\/wp\/v2\/posts"}],"about":[{"href":"https:\/\/www.tracea.ch\/en\/wp-json\/wp\/v2\/types\/post"}],"author":[{"embeddable":true,"href":"https:\/\/www.tracea.ch\/en\/wp-json\/wp\/v2\/users\/1"}],"replies":[{"embeddable":true,"href":"https:\/\/www.tracea.ch\/en\/wp-json\/wp\/v2\/comments?post=59423"}],"version-history":[{"count":1,"href":"https:\/\/www.tracea.ch\/en\/wp-json\/wp\/v2\/posts\/59423\/revisions"}],"predecessor-version":[{"id":59998,"href":"https:\/\/www.tracea.ch\/en\/wp-json\/wp\/v2\/posts\/59423\/revisions\/59998"}],"wp:featuredmedia":[{"embeddable":true,"href":"https:\/\/www.tracea.ch\/en\/wp-json\/wp\/v2\/media\/59922"}],"wp:attachment":[{"href":"https:\/\/www.tracea.ch\/en\/wp-json\/wp\/v2\/media?parent=59423"}],"wp:term":[{"taxonomy":"category","embeddable":true,"href":"https:\/\/www.tracea.ch\/en\/wp-json\/wp\/v2\/categories?post=59423"},{"taxonomy":"post_tag","embeddable":true,"href":"https:\/\/www.tracea.ch\/en\/wp-json\/wp\/v2\/tags?post=59423"}],"curies":[{"name":"wp","href":"https:\/\/api.w.org\/{rel}","templated":true}]}}