{"id":6239,"date":"2026-06-28T19:38:08","date_gmt":"2026-06-28T19:38:08","guid":{"rendered":"https:\/\/www.tracea.ch\/?p=6239"},"modified":"2026-08-25T20:52:21","modified_gmt":"2026-08-25T20:52:21","slug":"damien-nardin","status":"publish","type":"post","link":"https:\/\/www.tracea.ch\/en\/nos-guides\/damien-nardin\/","title":{"rendered":"Damien NARDIN"},"content":{"rendered":"<p>CEO Tracea. CH GUIDE VTT SWISS CYLING MONITEUR VTT &amp; SKI DE FOND Passionn\u00e9 depuis sa plus tendre enfance par le VTT,  Damien \u00e0  la chance de vivre \u00e0 Saint-Cergue depuis plusieurs ann\u00e9es. C\u2019est dans cette nature inspirante, qu\u2019il a d\u00e9cid\u00e9, en 2019, de vous proposer des activit\u00e9s autour du VTT. Depuis cette date beaucoup&#8230;<\/p>\n<p><strong>Contact:<\/strong> <a href=\"mailto:damien@tracea.ch\">damien@tracea.ch<\/a><\/p>","protected":false},"excerpt":{"rendered":"<p>CEO Tracea. CH GUIDE VTT SWISS CYLING MONITEUR VTT &amp; SKI DE FOND Passionn\u00e9 depuis sa plus tendre enfance par le VTT, Damien \u00e0 la chance de vivre \u00e0 Saint-Cergue depuis plusieurs ann\u00e9es. C\u2019est dans cette nature inspirante, qu\u2019il a d\u00e9cid\u00e9, en 2019, de vous proposer des activit\u00e9s autour du VTT. Depuis cette date beaucoup&#8230; [&hellip;]<\/p>\n","protected":false},"author":1,"featured_media":4700,"comment_status":"open","ping_status":"open","sticky":false,"template":"","format":"standard","meta":{"footnotes":""},"categories":[369],"tags":[373],"class_list":["post-6239","post","type-post","status-publish","format-standard","has-post-thumbnail","hentry","category-nos-guides","tag-guide-vtt"],"_links":{"self":[{"href":"https:\/\/www.tracea.ch\/en\/wp-json\/wp\/v2\/posts\/6239","targetHints":{"allow":["GET"]}}],"collection":[{"href":"https:\/\/www.tracea.ch\/en\/wp-json\/wp\/v2\/posts"}],"about":[{"href":"https:\/\/www.tracea.ch\/en\/wp-json\/wp\/v2\/types\/post"}],"author":[{"embeddable":true,"href":"https:\/\/www.tracea.ch\/en\/wp-json\/wp\/v2\/users\/1"}],"replies":[{"embeddable":true,"href":"https:\/\/www.tracea.ch\/en\/wp-json\/wp\/v2\/comments?post=6239"}],"version-history":[{"count":3,"href":"https:\/\/www.tracea.ch\/en\/wp-json\/wp\/v2\/posts\/6239\/revisions"}],"predecessor-version":[{"id":60149,"href":"https:\/\/www.tracea.ch\/en\/wp-json\/wp\/v2\/posts\/6239\/revisions\/60149"}],"wp:featuredmedia":[{"embeddable":true,"href":"https:\/\/www.tracea.ch\/en\/wp-json\/wp\/v2\/media\/4700"}],"wp:attachment":[{"href":"https:\/\/www.tracea.ch\/en\/wp-json\/wp\/v2\/media?parent=6239"}],"wp:term":[{"taxonomy":"category","embeddable":true,"href":"https:\/\/www.tracea.ch\/en\/wp-json\/wp\/v2\/categories?post=6239"},{"taxonomy":"post_tag","embeddable":true,"href":"https:\/\/www.tracea.ch\/en\/wp-json\/wp\/v2\/tags?post=6239"}],"curies":[{"name":"wp","href":"https:\/\/api.w.org\/{rel}","templated":true}]}}