{"id":59300,"date":"2018-12-10T10:22:12","date_gmt":"2018-12-10T09:22:12","guid":{"rendered":"https:\/\/hiver.monvtt.ch\/2018\/12\/10\/programmez-une-excursion-vtt-enduro-avec-votre-guide-jura-vaudois-suisse\/"},"modified":"2026-08-23T11:22:42","modified_gmt":"2026-08-23T11:22:42","slug":"programmez-une-excursion-vtt-enduro-avec-votre-guide-jura-vaudois-suisse","status":"publish","type":"post","link":"https:\/\/www.tracea.ch\/it\/blog\/programmez-une-excursion-vtt-enduro-avec-votre-guide-jura-vaudois-suisse\/","title":{"rendered":"Programmez une excursion VTT Enduro avec votre guide dans le Jura Vaudois"},"content":{"rendered":"<p>Besoin d\u2019adr\u00e9naline et de vous surprendre au guidon de votre VTT, nos sorties et excursions en VTT enduro accompagn\u00e9s de votre Guide sont faites pour vous.<\/p>\n<p>Depuis quelques temps on entend de plus en plus parler de \u00ab VTT Enduro \u00bb dans le Jura Vaudois, mais qu\u2019est-ce que c\u2019est vraiment ?\u00a0L\u2019enduro est une discipline \u00e0 mi-chemin entre le <a href=\"\/it\/excursions-vtt-jura\/sorties-excursions-vtt-cross-country-jura-vaudois-et-suisse.html\/\">VTT cross-country<\/a> et\u00a0le VTT de descente. La pratique de l\u2019enduro se fait sur des terrains \u00e0 fort d\u00e9nivel\u00e9. A l\u2019origine l\u2019enduro \u00e9tait juste une gamme de v\u00e9lo un peu plus typ\u00e9 descente. Les VTT enduros sont caract\u00e9ris\u00e9s par leur d\u00e9battement avant et arri\u00e8re (140 mm \u00e0 160mm). Les parcours des excursions de VTT enduro, sont essentiellement des traces VTT \u00e0 profils descendants et techniques.<\/p>\n<p>tracea.ch vous propose plusieurs formules, selon vos envies et votre condition physique. Les sommets peuvent \u00eatre atteints \u00e0 la force des mollets, en train ou encore avec notre navette (5 personnes maxi). N\u2019h\u00e9sitez pas \u00e0 prendre contact pour plus de renseignements.<\/p>\n<p>\u00a0\u00a0<\/p>\n<h4>\u00ab\u00a0Tchou-tchou\u00a0\u00bb<\/h4>\n<p>Sortie enduro dans les environs de St-Cergue. En choisissant la formule \u00ab\u00a0Tchou-Tchou\u00a0\u00bb, vous optez pour un maximum de plaisir \u00e0 la descente. A la remont\u00e9e vous vous ferez bercer par le train du Nyon\/St-Cergue. Pr\u00e9voir entre 1500 et 2500 m\u00e8tres de d\u00e9nivel\u00e9 en fonction du niveau du groupe.<\/p>\n<p>\u00a0<\/p>\n<h4>\u00ab\u00a0Shuttle\u00a0\u00bb\u00a0<\/h4>\n<p>Sortie enduro \u00e0 la travers le massif du Jura. La formule \u00ab\u00a0Shuttle\u00a0\u00bb permet de d\u00e9couvrir la r\u00e9gion \u00e0 travers des trails engag\u00e9s et typiques. <br \/>Cette excursion est propos\u00e9 \u00e0 la journ\u00e9e, ce qui permet de parcourir de 2000 \u00e0 3000 m\u00e8tres de d\u00e9nivel\u00e9 n\u00e9gatif en fonction de vos envies et de votre condition !<br \/>Les remont\u00e9e se font bien confortablement dans notre van tracea.ch.<\/p>\n<p>\u00a0<\/p>\n<p><!--more--><\/p>\n<h2>\u00a0Cette\u00a0excursion VTT\u00a0en bref<\/h2>\n<div style=\"width: 100%; height: auto; padding-bottom: 40px; display: inline-block;\">\n<div style=\"width: 50%; float: right;\"> De 3 \u00e0 7 heures<\/p>\n<hr>\n<p><img decoding=\"async\" class=\"size-full wp-image-6039\" src=\"https:\/\/guide-vtt.ch\/wp-content\/uploads\/2018\/12\/picto-velo-VTT.png\" alt=\"progresser en Cross Country\" width=\"50\" height=\"50\"> Sortie \u00e0 partir de 100 CHF<\/div>\n<div style=\"width: 50%; float: left;\"><img decoding=\"async\" class=\"size-full wp-image-6040\" src=\"https:\/\/guide-vtt.ch\/wp-content\/uploads\/2018\/12\/picto-groupe-vtt.png\" alt=\"progresser en Cross Country\" width=\"50\" height=\"50\"> Maximum 10 pers<\/p>\n<hr>\n<p><img decoding=\"async\" class=\"size-full wp-image-6041\" src=\"https:\/\/guide-vtt.ch\/wp-content\/uploads\/2018\/12\/picto-duree-vtt.png\" alt=\"progresser en Cross Country\" width=\"50\" height=\"50\"> Distance selon physique<\/div>\n<\/div>\n<p>\u00a0<\/p>\n<h2>Ce que nos\u00a0clients en pensent\u00a0:<\/h2>\n<p>{loadmoduleid 100}<\/p>\n<p>\u00a0<\/p>\n<h2>Votre sortie\u00a0VTT Enduro cot\u00e9 mat\u00e9riel :<\/h2>\n<p>Casque et protections (coudi\u00e8res, genouill\u00e8re, dorsale), petit sac \u00e0 dos avec eau, encas sucr\u00e9s, lunettes ou masque, gants, n\u00e9cessaire de r\u00e9paration (si vous avez votre propre VTT), chaussures adapt\u00e9es, bonne humeur !\u00a0Location du VTT non comprise, contactez-nous pour obtenir l\u2019adresse du loueur le plus proche.<\/p>\n<p>\u00a0<\/p>\n<div id=\"reserv\">\n<h2>R\u00e9servation en ligne<\/h2>\n<p><script class=\"mra_script_iframe\" async src=\"https:\/\/booking.myrezapp.com\/bundles\/myrezappdashboard\/js\/Embed\/myrezapp_3rdparty_iframe.js\" data-key=\"210293f660a6237b480ec2ded2235d65\" data-id=\"mra_iframe_content_service18211\" data-lang=\"fr\" data-mode=\"service\" data-service=\"18211\" data-height=\"600px\"><\/script><\/p>\n<div id=\"mra_iframe_content_service18211\"><\/div>\n<\/div>\n<p data-mce-fragment=\"1\">\u00a0<\/p>\n<h2>Ce que\u00a0notre guide en pense :\u00a0<\/h2>\n<p>{loadmoduleid 172}<\/p>\n<p>\u00a0<\/p>\n<h2>Nous joindre ou nous rejoindre :\u00a0<\/h2>\n<p>{loadmoduleid 162}<\/p>\n<p>\u00a0<\/p>\n<h2>D&rsquo;autres\u00a0excursions\u00a0de VTT<\/h2>\n<p>{loadmoduleid 164}<\/p>\n<p>\u00a0<\/p>\n<p>{loadmoduleid 98}<\/p>\n<p>\u00a0<\/p>","protected":false},"excerpt":{"rendered":"<p>Besoin d\u2019adr\u00e9naline et de vous surprendre au guidon de votre VTT, nos sorties et excursions en VTT enduro accompagn\u00e9s de votre Guide sont faites pour vous. Depuis quelques temps on entend de plus en plus parler de \u00ab VTT Enduro \u00bb dans le Jura Vaudois, mais qu\u2019est-ce que c\u2019est vraiment ?\u00a0L\u2019enduro est une discipline \u00e0 [&hellip;]<\/p>\n","protected":false},"author":1,"featured_media":59411,"comment_status":"open","ping_status":"open","sticky":false,"template":"","format":"standard","meta":{"footnotes":""},"categories":[801],"tags":[802],"class_list":["post-59300","post","type-post","status-publish","format-standard","has-post-thumbnail","hentry","category-blog","tag-sorties-excursions"],"_links":{"self":[{"href":"https:\/\/www.tracea.ch\/it\/wp-json\/wp\/v2\/posts\/59300","targetHints":{"allow":["GET"]}}],"collection":[{"href":"https:\/\/www.tracea.ch\/it\/wp-json\/wp\/v2\/posts"}],"about":[{"href":"https:\/\/www.tracea.ch\/it\/wp-json\/wp\/v2\/types\/post"}],"author":[{"embeddable":true,"href":"https:\/\/www.tracea.ch\/it\/wp-json\/wp\/v2\/users\/1"}],"replies":[{"embeddable":true,"href":"https:\/\/www.tracea.ch\/it\/wp-json\/wp\/v2\/comments?post=59300"}],"version-history":[{"count":1,"href":"https:\/\/www.tracea.ch\/it\/wp-json\/wp\/v2\/posts\/59300\/revisions"}],"predecessor-version":[{"id":60060,"href":"https:\/\/www.tracea.ch\/it\/wp-json\/wp\/v2\/posts\/59300\/revisions\/60060"}],"wp:featuredmedia":[{"embeddable":true,"href":"https:\/\/www.tracea.ch\/it\/wp-json\/wp\/v2\/media\/59411"}],"wp:attachment":[{"href":"https:\/\/www.tracea.ch\/it\/wp-json\/wp\/v2\/media?parent=59300"}],"wp:term":[{"taxonomy":"category","embeddable":true,"href":"https:\/\/www.tracea.ch\/it\/wp-json\/wp\/v2\/categories?post=59300"},{"taxonomy":"post_tag","embeddable":true,"href":"https:\/\/www.tracea.ch\/it\/wp-json\/wp\/v2\/tags?post=59300"}],"curies":[{"name":"wp","href":"https:\/\/api.w.org\/{rel}","templated":true}]}}