{"id":59321,"date":"2019-03-09T18:43:14","date_gmt":"2019-03-09T17:43:14","guid":{"rendered":"https:\/\/hiver.monvtt.ch\/2019\/03\/09\/viens-tester-mes-traces\/"},"modified":"2026-08-25T19:42:21","modified_gmt":"2026-08-25T19:42:21","slug":"viens-tester-mes-traces","status":"publish","type":"post","link":"https:\/\/www.tracea.ch\/it\/blog\/viens-tester-mes-traces\/","title":{"rendered":"Viens tester mes traces !"},"content":{"rendered":"<p>Je recherche des testeurs ou testeuses pr\u00eat \u00e0 me suivre pour valider mes traces.<\/p>\n<p>Cette sortie est \u00e9videmment gratuite, vous serez simplement mis \u00e0 contribution pour un retour d&rsquo;exp\u00e9rience et quelques shooting photos !<\/p>\n<h4>\n<p>Samedi 13 avril &#8211; 8h30<\/h4>\n<p>\u00a0<a href=\"https:\/\/booking.myrezapp.com\/fr\/online\/booking\/step1\/5112\/18589?fbclid=IwAR2_VxqFd3pzV3jA563SI24OXbLUegrEF4xWv4T6BdmX6QMypXP8AtnlPes\" target=\"_blank\" rel=\"noopener\"><\/a><\/p>\n<p>\u00a0Test VTT Cross-country &#8211; Sportif \/ 3 heures<br \/>Inscriptions: <a href=\"https:\/\/booking.myrezapp.com\/fr\/online\/booking\/step1\/5112\/18589?fbclid=IwAR0syhn6himH6qk_dg04-cYTbQJUXhNM9MPXi6hVH8apY-FboGPFGDANjO0\" target=\"_blank\" rel=\"nofollow noopener\" data-lynx-mode=\"hover\" data-lynx-uri=\"https:\/\/l.facebook.com\/l.php?u=https%3A%2F%2Fbooking.myrezapp.com%2Ffr%2Fonline%2Fbooking%2Fstep1%2F5112%2F18589%3Ffbclid%3DIwAR0syhn6himH6qk_dg04-cYTbQJUXhNM9MPXi6hVH8apY-FboGPFGDANjO0&amp;h=AT0X4k78RwIV74hNWKOqw6jbxK5hgjFW_0E8Ws2vxg7zXEaeT_0FZr3lmJfhkXE_gn8bevf9xd8zIJf4zWGNzf_WwEdPlLr-NT8V-BTM9ig7kx4L-cl-4RsdTd_y7kpK\">https:\/\/booking.myrezapp.com\/fr\/online\/booking\/step1\/5112\/18589<\/a><\/p>\n<p>\u00a0<\/p>\n<h4>Samedi 13 avril &#8211; 14h00<\/h4>\n<p>\u00a0<a href=\"https:\/\/booking.myrezapp.com\/fr\/online\/booking\/step1\/5112\/18588?fbclid=IwAR3pJez5NOrzWOjFtmOpocOUo0yKbdBvcqayXvxyIxFphbT3vEQD4vjKTzw\" target=\"_blank\" rel=\"noopener\"><img fetchpriority=\"high\" decoding=\"async\" class=\"size-full wp-image-6073\" src=\"https:\/\/guide-vtt.ch\/wp-content\/uploads\/2019\/03\/Test_cross-country_2.png\" alt=\"Test cross country 2\" width=\"654\" height=\"211\"><\/a><\/p>\n<p>Test VTT Cross-country &#8211; D\u00e9butant ou famille<br \/>Inscriptions :<br \/><a href=\"https:\/\/booking.myrezapp.com\/fr\/online\/booking\/step1\/5112\/18588?fbclid=IwAR1SB88T0l11zvcuTBFnkCHpLbINncyzA6R-QUtJ2eALPM27vevPjwn3ZnE\" target=\"_blank\" rel=\"nofollow noopener\" data-lynx-mode=\"hover\" data-lynx-uri=\"https:\/\/l.facebook.com\/l.php?u=https%3A%2F%2Fbooking.myrezapp.com%2Ffr%2Fonline%2Fbooking%2Fstep1%2F5112%2F18588%3Ffbclid%3DIwAR1SB88T0l11zvcuTBFnkCHpLbINncyzA6R-QUtJ2eALPM27vevPjwn3ZnE&amp;h=AT3AKvmGuBIIbjp63Cnfd4yV7AtbFh5s-2e9qoSErbi9E3s-eceYsICfZytwz2kxithbD3FOvy1n8kVGnxGFpT6bKkpNG27ej4p_NjfQ28mlOOd4OL5wrTk1SQwd_PIz\">https:\/\/booking.myrezapp.com\/fr\/online\/booking\/step1\/5112\/18588<\/a><\/p>\n<h4>\n<p>Dimanche 14 avril &#8211; 8h30<\/h4>\n<p><a href=\"https:\/\/booking.myrezapp.com\/fr\/online\/booking\/step1\/5112\/18396?fbclid=IwAR2rL_m_tcZQPiLQnhqlXx-5MOO3bK9JtRLDlPg0oeiEBdQZl6TBJzlOlYc\" target=\"_blank\" rel=\"noopener\"><img decoding=\"async\" class=\"size-full wp-image-6074\" src=\"https:\/\/guide-vtt.ch\/wp-content\/uploads\/2019\/03\/Enduro_2.png\" alt=\"Enduro 2\" width=\"657\" height=\"211\"><\/a><\/p>\n<p>Test Excursion VTT Enduro &#8211; \u00ab\u00a0Shuttle\u00a0\u00bb<br \/>Inscriptions :<br \/><a href=\"https:\/\/booking.myrezapp.com\/fr\/online\/booking\/step1\/5112\/18396?fbclid=IwAR1OegUewRpzY3B3x6A2HpaDz663pj8foWkcrcoAbk1Lm8U9ys6sJ2MWUMA\" target=\"_blank\" rel=\"nofollow noopener\" data-lynx-mode=\"hover\" data-lynx-uri=\"https:\/\/l.facebook.com\/l.php?u=https%3A%2F%2Fbooking.myrezapp.com%2Ffr%2Fonline%2Fbooking%2Fstep1%2F5112%2F18396%3Ffbclid%3DIwAR1OegUewRpzY3B3x6A2HpaDz663pj8foWkcrcoAbk1Lm8U9ys6sJ2MWUMA&amp;h=AT0cnED3yc_N1hLT1yaCVqYMtT1J9wP19pMFQBfN6AbsWcvkXiSOVlooK3deZ1Yl1cUyyLcjVff38yLPBjeG5HOMd0PoODW71aqCRvvMPKBgULGZJbTql0bZNPpnTXMx\">https:\/\/booking.myrezapp.com\/fr\/online\/booking\/step1\/5112\/18396<\/a><\/p>\n<p>\u00a0<\/p>\n<p>Renseignements : <a href=\"mailto:guide@tracea.ch\">guide@tracea.ch<\/a>\u00a0\/ 079 257 64 00<\/p>","protected":false},"excerpt":{"rendered":"<p>Je recherche des testeurs ou testeuses pr\u00eat \u00e0 me suivre pour valider mes traces. Cette sortie est \u00e9videmment gratuite, vous serez simplement mis \u00e0 contribution pour un retour d&rsquo;exp\u00e9rience et quelques shooting photos ! Samedi 13 avril &#8211; 8h30 \u00a0 \u00a0Test VTT Cross-country &#8211; Sportif \/ 3 heuresInscriptions: https:\/\/booking.myrezapp.com\/fr\/online\/booking\/step1\/5112\/18589 \u00a0 Samedi 13 avril &#8211; 14h00 [&hellip;]<\/p>\n","protected":false},"author":1,"featured_media":59415,"comment_status":"open","ping_status":"open","sticky":false,"template":"","format":"standard","meta":{"footnotes":""},"categories":[801],"tags":[808],"class_list":["post-59321","post","type-post","status-publish","format-standard","has-post-thumbnail","hentry","category-blog","tag-actualites"],"_links":{"self":[{"href":"https:\/\/www.tracea.ch\/it\/wp-json\/wp\/v2\/posts\/59321","targetHints":{"allow":["GET"]}}],"collection":[{"href":"https:\/\/www.tracea.ch\/it\/wp-json\/wp\/v2\/posts"}],"about":[{"href":"https:\/\/www.tracea.ch\/it\/wp-json\/wp\/v2\/types\/post"}],"author":[{"embeddable":true,"href":"https:\/\/www.tracea.ch\/it\/wp-json\/wp\/v2\/users\/1"}],"replies":[{"embeddable":true,"href":"https:\/\/www.tracea.ch\/it\/wp-json\/wp\/v2\/comments?post=59321"}],"version-history":[{"count":2,"href":"https:\/\/www.tracea.ch\/it\/wp-json\/wp\/v2\/posts\/59321\/revisions"}],"predecessor-version":[{"id":60143,"href":"https:\/\/www.tracea.ch\/it\/wp-json\/wp\/v2\/posts\/59321\/revisions\/60143"}],"wp:featuredmedia":[{"embeddable":true,"href":"https:\/\/www.tracea.ch\/it\/wp-json\/wp\/v2\/media\/59415"}],"wp:attachment":[{"href":"https:\/\/www.tracea.ch\/it\/wp-json\/wp\/v2\/media?parent=59321"}],"wp:term":[{"taxonomy":"category","embeddable":true,"href":"https:\/\/www.tracea.ch\/it\/wp-json\/wp\/v2\/categories?post=59321"},{"taxonomy":"post_tag","embeddable":true,"href":"https:\/\/www.tracea.ch\/it\/wp-json\/wp\/v2\/tags?post=59321"}],"curies":[{"name":"wp","href":"https:\/\/api.w.org\/{rel}","templated":true}]}}