{"id":59324,"date":"2019-05-07T21:02:55","date_gmt":"2019-05-07T19:02:55","guid":{"rendered":"https:\/\/hiver.monvtt.ch\/2019\/05\/07\/sortie-vtt-descente-c-est-partie\/"},"modified":"2019-05-07T21:02:55","modified_gmt":"2019-05-07T19:02:55","slug":"sortie-vtt-descente-c-est-partie","status":"publish","type":"post","link":"https:\/\/www.tracea.ch\/it\/blog\/sortie-vtt-descente-c-est-partie\/","title":{"rendered":"Sortie VTT Descente, c&rsquo;est parti !"},"content":{"rendered":"<p>Sortie VTT descente &#8211; Samedi 4 mai &#8211; M\u00e9tabief<\/p>\n<p>Les \u00e9l\u00e9ments se sont d\u00e9chain\u00e9s mais le vent, la pluie et la neige n&rsquo;auront pas eu raison de notre troupe !<\/p>\n<p>Quel plaisir de retrouver les trac\u00e9s de M\u00e9tabief, avec une mention sp\u00e9ciale pour la nouvelle piste \u00ab\u00a0Atlas\u00a0\u00bb. Bravo pour ce travail !<\/p>\n<p>Vous voulez profitez de notre prochaine excursion \u00ab\u00a0VTT descente\u00a0\u00bb &#8230; c&rsquo;est par <a href=\"https:\/\/guide-vtt.ch\/?p=6044\" target=\"_blank\" rel=\"noopener\">ici.<\/a><\/p>\n<p>&nbsp;<\/p>\n<p>&nbsp;<\/p><\/p>","protected":false},"excerpt":{"rendered":"<p>Sortie VTT descente &#8211; Samedi 4 mai &#8211; M\u00e9tabief Les \u00e9l\u00e9ments se sont d\u00e9chain\u00e9s mais le vent, la pluie et la neige n&rsquo;auront pas eu raison de notre troupe ! Quel plaisir de retrouver les trac\u00e9s de M\u00e9tabief, avec une mention sp\u00e9ciale pour la nouvelle piste \u00ab\u00a0Atlas\u00a0\u00bb. Bravo pour ce travail ! Vous voulez profitez [&hellip;]<\/p>\n","protected":false},"author":1,"featured_media":59435,"comment_status":"open","ping_status":"open","sticky":false,"template":"","format":"standard","meta":{"footnotes":""},"categories":[801],"tags":[808],"class_list":["post-59324","post","type-post","status-publish","format-standard","has-post-thumbnail","hentry","category-blog","tag-actualites"],"_links":{"self":[{"href":"https:\/\/www.tracea.ch\/it\/wp-json\/wp\/v2\/posts\/59324","targetHints":{"allow":["GET"]}}],"collection":[{"href":"https:\/\/www.tracea.ch\/it\/wp-json\/wp\/v2\/posts"}],"about":[{"href":"https:\/\/www.tracea.ch\/it\/wp-json\/wp\/v2\/types\/post"}],"author":[{"embeddable":true,"href":"https:\/\/www.tracea.ch\/it\/wp-json\/wp\/v2\/users\/1"}],"replies":[{"embeddable":true,"href":"https:\/\/www.tracea.ch\/it\/wp-json\/wp\/v2\/comments?post=59324"}],"version-history":[{"count":0,"href":"https:\/\/www.tracea.ch\/it\/wp-json\/wp\/v2\/posts\/59324\/revisions"}],"wp:featuredmedia":[{"embeddable":true,"href":"https:\/\/www.tracea.ch\/it\/wp-json\/wp\/v2\/media\/59435"}],"wp:attachment":[{"href":"https:\/\/www.tracea.ch\/it\/wp-json\/wp\/v2\/media?parent=59324"}],"wp:term":[{"taxonomy":"category","embeddable":true,"href":"https:\/\/www.tracea.ch\/it\/wp-json\/wp\/v2\/categories?post=59324"},{"taxonomy":"post_tag","embeddable":true,"href":"https:\/\/www.tracea.ch\/it\/wp-json\/wp\/v2\/tags?post=59324"}],"curies":[{"name":"wp","href":"https:\/\/api.w.org\/{rel}","templated":true}]}}