{"id":59326,"date":"2019-06-17T21:01:25","date_gmt":"2019-06-17T19:01:25","guid":{"rendered":"https:\/\/hiver.monvtt.ch\/2019\/06\/17\/retour-en-image-sur-une-sortie-vtt-debutants\/"},"modified":"2026-08-23T11:22:42","modified_gmt":"2026-08-23T11:22:42","slug":"retour-en-image-sur-une-sortie-vtt-debutants","status":"publish","type":"post","link":"https:\/\/www.tracea.ch\/it\/blog\/retour-en-image-sur-une-sortie-vtt-debutants\/","title":{"rendered":"Retour en image sur une sortie VTT d\u00e9butants"},"content":{"rendered":"<p>Stage VTT d\u00e9butant avec tracea.ch, le plaisir avant tout !<\/p>\n<p>Il y a quelques semaines, tracea.ch accueillait sur les hauteurs de Nyon, un groupe de 3 d\u00e9butants d\u00e9sirant apprendre les bases du VTT.<\/p>\n<p>C&rsquo;est aux environs de 9h00 que nous avons accueilli, D\u00e9sir\u00e9e, Fran\u00e7oise et Claude. Apr\u00e8s quelques r\u00e9glages effectu\u00e9s sur les v\u00e9los mis \u00e0 disposition, les riders en herbes s&rsquo;\u00e9lancent sur les chemins de St-Cergue. Un peu d&rsquo;apprentisage et quelques exercices avant de partir d\u00e9valler les chemins de notre beau Jura Vaudois !<\/p>\n<\/p>\n<p>\u00a0<\/p>\n<p>\u00a0<\/p>","protected":false},"excerpt":{"rendered":"<p>Stage VTT d\u00e9butant avec tracea.ch, le plaisir avant tout ! Il y a quelques semaines, tracea.ch accueillait sur les hauteurs de Nyon, un groupe de 3 d\u00e9butants d\u00e9sirant apprendre les bases du VTT. C&rsquo;est aux environs de 9h00 que nous avons accueilli, D\u00e9sir\u00e9e, Fran\u00e7oise et Claude. Apr\u00e8s quelques r\u00e9glages effectu\u00e9s sur les v\u00e9los mis \u00e0 [&hellip;]<\/p>\n","protected":false},"author":1,"featured_media":59441,"comment_status":"open","ping_status":"open","sticky":false,"template":"","format":"standard","meta":{"footnotes":""},"categories":[801],"tags":[808],"class_list":["post-59326","post","type-post","status-publish","format-standard","has-post-thumbnail","hentry","category-blog","tag-actualites"],"_links":{"self":[{"href":"https:\/\/www.tracea.ch\/it\/wp-json\/wp\/v2\/posts\/59326","targetHints":{"allow":["GET"]}}],"collection":[{"href":"https:\/\/www.tracea.ch\/it\/wp-json\/wp\/v2\/posts"}],"about":[{"href":"https:\/\/www.tracea.ch\/it\/wp-json\/wp\/v2\/types\/post"}],"author":[{"embeddable":true,"href":"https:\/\/www.tracea.ch\/it\/wp-json\/wp\/v2\/users\/1"}],"replies":[{"embeddable":true,"href":"https:\/\/www.tracea.ch\/it\/wp-json\/wp\/v2\/comments?post=59326"}],"version-history":[{"count":1,"href":"https:\/\/www.tracea.ch\/it\/wp-json\/wp\/v2\/posts\/59326\/revisions"}],"predecessor-version":[{"id":60051,"href":"https:\/\/www.tracea.ch\/it\/wp-json\/wp\/v2\/posts\/59326\/revisions\/60051"}],"wp:featuredmedia":[{"embeddable":true,"href":"https:\/\/www.tracea.ch\/it\/wp-json\/wp\/v2\/media\/59441"}],"wp:attachment":[{"href":"https:\/\/www.tracea.ch\/it\/wp-json\/wp\/v2\/media?parent=59326"}],"wp:term":[{"taxonomy":"category","embeddable":true,"href":"https:\/\/www.tracea.ch\/it\/wp-json\/wp\/v2\/categories?post=59326"},{"taxonomy":"post_tag","embeddable":true,"href":"https:\/\/www.tracea.ch\/it\/wp-json\/wp\/v2\/tags?post=59326"}],"curies":[{"name":"wp","href":"https:\/\/api.w.org\/{rel}","templated":true}]}}