{"id":59328,"date":"2019-07-05T19:31:42","date_gmt":"2019-07-05T17:31:42","guid":{"rendered":"https:\/\/hiver.monvtt.ch\/2019\/07\/05\/location-vtt\/"},"modified":"2019-07-05T19:31:42","modified_gmt":"2019-07-05T17:31:42","slug":"location-vtt","status":"publish","type":"post","link":"https:\/\/www.tracea.ch\/it\/blog\/location-vtt\/","title":{"rendered":"Location VTT St-Cergue &#8211; Vaud"},"content":{"rendered":"<h3>Fin de saison pour notre service location, nous serons de retour au printemps 2021 !&nbsp;&nbsp;<\/h3>\n<p>&nbsp;<\/p>\n<h2>VTT Tout suspendu \u2013 BMC Speed Fox 03<\/h2>\n<p>Les pratiquants polyvalents sont les plus exigeants de tous. Ils veulent un v\u00e9lo qui peut aller vite en mont\u00e9e, d\u00e9valer les descentes, encha\u00eener les virages serr\u00e9s et r\u00e9sister aux sollicitations du terrain, jour apr\u00e8s jour.&nbsp;<\/p>\n<p><span style=\"background-color: inherit; color: inherit; font-family: inherit; font-size: 1rem;\">Nous avons donc retravaill\u00e9 le Speedfox pour en faire le v\u00e9lo polyvalent par essence. Il est l\u00e9ger, robuste, fait pour l\u2019aventure mais aussi pour la vitesse. Il est le compagnon id\u00e9al pour rouler partout, tout le temps. Avec sa g\u00e9om\u00e9trie adapt\u00e9e et une hauteur d\u2019enjambement abaiss\u00e9e, le Speedfox permet de manoeuvrer ais\u00e9ment autour des obstacles tout en offrant une vraie stabilit\u00e9 en ligne droite ; que ce soit en mont\u00e9e ou en descente.&nbsp;<\/span><\/p>\n<p><strong>Frais de location :&nbsp; A partir de 40 CHF&nbsp;&nbsp;<\/strong><em><strong>(y compris casque )<\/strong><\/em><\/p>\n<p>&nbsp;<\/p>\n<p><img fetchpriority=\"high\" decoding=\"async\" class=\"alignleft size-full wp-image-6098\" style=\"margin: 10px; float: left;\" src=\"https:\/\/guide-vtt.ch\/wp-content\/uploads\/2019\/07\/Aspect_Eride.jpg\" alt=\"Specialized E Bike Tout suspendu 2\" width=\"491\" height=\"278\" \/><span style=\"background-color: inherit; color: inherit; font-family: inherit; font-size: 1rem;\"><\/span><\/p>\n<h2>VTT E-Bike \u2013 Scott Aspect eRide 950<\/h2>\n<p>Le SCOTT Aspect eRIDE 950 dispose d\u2019une technologie d\u2019assistance \u00e9lectrique \u00e9prouv\u00e9e le tout int\u00e9gr\u00e9 dans un package confortable, pour des heures de VTT sur vos sentiers favoris Dot\u00e9 d\u2019une batterie int\u00e9gr\u00e9e et assist\u00e9 par un moteur Bosch de 500 Wh, l\u2019Aspect eRIDE vous permettra de rouler pendant des heures.<\/p>\n<p>Ce tout nouveau mod\u00e8le a toutes les qualit\u00e9s d&rsquo;un v\u00e9lo tout-terrain moderne, avec l&rsquo;avantage de vous offrir assez de puissance pour d&rsquo;\u00e9largir votre terrain de jeu \u00e0 un prix qui ne vous obligera pas \u00e0 vivre dans un van en bas des pistes.<\/p>\n<p><strong>&nbsp; &nbsp; &nbsp; &nbsp; &nbsp; &nbsp; &nbsp; &nbsp; &nbsp; &nbsp; &nbsp; &nbsp; &nbsp; &nbsp; &nbsp; &nbsp; &nbsp; &nbsp; &nbsp; &nbsp; &nbsp; &nbsp; &nbsp; &nbsp; &nbsp; &nbsp; &nbsp; &nbsp; &nbsp; &nbsp; &nbsp; &nbsp; &nbsp; &nbsp; &nbsp; &nbsp; &nbsp; &nbsp; &nbsp; &nbsp; &nbsp; &nbsp; &nbsp; &nbsp; &nbsp; &nbsp; &nbsp; &nbsp; &nbsp; &nbsp; &nbsp; &nbsp; &nbsp; &nbsp; &nbsp; &nbsp; &nbsp; &nbsp; &nbsp; &nbsp; &nbsp; &nbsp; &nbsp; &nbsp; &nbsp; &nbsp; &nbsp; &nbsp; &nbsp; &nbsp; &nbsp; &nbsp; &nbsp; &nbsp; &nbsp; &nbsp; &nbsp; &nbsp; &nbsp; &nbsp; &nbsp; &nbsp; &nbsp; Frais de location :&nbsp; A partie de 50 CHF&nbsp;<\/strong><em><strong>(y compris casque)<\/strong><\/em><\/p>\n<p>&nbsp;<\/p>\n<p>&nbsp;<\/p>\n<p><img decoding=\"async\" class=\"alignleft size-full wp-image-6099\" style=\"margin: 10px; float: left;\" src=\"https:\/\/guide-vtt.ch\/wp-content\/uploads\/2019\/07\/Specialized_Demo_8_-_DH_monvtt.ch_.jpg\" alt=\"Specialized Demo 8 DH monvtt.ch\" width=\"500\" height=\"290\" \/><\/p>\n<h2>VTT DH \u2013 Specialized Demo 8<\/h2>\n<p>Cet engin rapide et maniable utilise un cadre qui a fait ses preuves partout dans le monde et que nous avons \u00e9quip\u00e9 d&rsquo;un choix de composants au meilleur rapport co\u00fbt\/efficacit\u00e9.<\/p>\n<p>Lorsque vous envoyez du gros sur le sentier, vous voulez avoir toute confiance dans les performances de votre machine. \u00c0 cet \u00e9gard, aucun mat\u00e9riau n&rsquo;a autant m\u00e9rit\u00e9 sa place sur le circuit DH que notre aluminium M5. Les raisons sont nombreuses mais se r\u00e9sument en fin de compte \u00e0 la rigidit\u00e9, la l\u00e9g\u00e8ret\u00e9 et la r\u00e9sistance.<\/p>\n<p><strong>Frais de location :&nbsp; sur demande (non disponible \u00e0 l&rsquo;Office de tourisme)<\/strong><\/p>","protected":false},"excerpt":{"rendered":"<p>Fin de saison pour notre service location, nous serons de retour au printemps 2021 !&nbsp;&nbsp; &nbsp; VTT Tout suspendu \u2013 BMC Speed Fox 03 Les pratiquants polyvalents sont les plus exigeants de tous. Ils veulent un v\u00e9lo qui peut aller vite en mont\u00e9e, d\u00e9valer les descentes, encha\u00eener les virages serr\u00e9s et r\u00e9sister aux sollicitations du [&hellip;]<\/p>\n","protected":false},"author":1,"featured_media":59450,"comment_status":"open","ping_status":"open","sticky":false,"template":"","format":"standard","meta":{"footnotes":""},"categories":[801],"tags":[],"class_list":["post-59328","post","type-post","status-publish","format-standard","has-post-thumbnail","hentry","category-blog"],"_links":{"self":[{"href":"https:\/\/www.tracea.ch\/it\/wp-json\/wp\/v2\/posts\/59328","targetHints":{"allow":["GET"]}}],"collection":[{"href":"https:\/\/www.tracea.ch\/it\/wp-json\/wp\/v2\/posts"}],"about":[{"href":"https:\/\/www.tracea.ch\/it\/wp-json\/wp\/v2\/types\/post"}],"author":[{"embeddable":true,"href":"https:\/\/www.tracea.ch\/it\/wp-json\/wp\/v2\/users\/1"}],"replies":[{"embeddable":true,"href":"https:\/\/www.tracea.ch\/it\/wp-json\/wp\/v2\/comments?post=59328"}],"version-history":[{"count":0,"href":"https:\/\/www.tracea.ch\/it\/wp-json\/wp\/v2\/posts\/59328\/revisions"}],"wp:featuredmedia":[{"embeddable":true,"href":"https:\/\/www.tracea.ch\/it\/wp-json\/wp\/v2\/media\/59450"}],"wp:attachment":[{"href":"https:\/\/www.tracea.ch\/it\/wp-json\/wp\/v2\/media?parent=59328"}],"wp:term":[{"taxonomy":"category","embeddable":true,"href":"https:\/\/www.tracea.ch\/it\/wp-json\/wp\/v2\/categories?post=59328"},{"taxonomy":"post_tag","embeddable":true,"href":"https:\/\/www.tracea.ch\/it\/wp-json\/wp\/v2\/tags?post=59328"}],"curies":[{"name":"wp","href":"https:\/\/api.w.org\/{rel}","templated":true}]}}