{"id":59330,"date":"2019-06-14T11:54:25","date_gmt":"2019-06-14T09:54:25","guid":{"rendered":"https:\/\/hiver.monvtt.ch\/2019\/06\/14\/notre-derniere-sortie-vtt-enduro-photos-et-videos\/"},"modified":"2026-08-23T11:22:42","modified_gmt":"2026-08-23T11:22:42","slug":"notre-derniere-sortie-vtt-enduro-photos-et-videos","status":"publish","type":"post","link":"https:\/\/www.tracea.ch\/it\/blog\/notre-derniere-sortie-vtt-enduro-photos-et-videos\/","title":{"rendered":"Notre derni\u00e8re sortie VTT enduro &#8211; Photos et Vid\u00e9os"},"content":{"rendered":"<p>\u00a0<\/p>\n<p>Besoin d\u2019adr\u00e9naline et de vous surprendre au guidon de votre VTT, nos sorties et excursions en VTT enduro accompagn\u00e9s de votre Guide sont faites pour vous.<\/p>\n<p>Depuis quelques temps on entend de plus en plus parler de \u00ab VTT Enduro \u00bb dans le Jura Vaudois, mais qu\u2019est-ce que c\u2019est vraiment ? L\u2019enduro est une discipline \u00e0 mi-chemin entre le VTT cross-country et le VTT de descente. La pratique de l\u2019enduro se fait sur des terrains \u00e0 fort d\u00e9nivel\u00e9. A l\u2019origine l\u2019enduro \u00e9tait juste une gamme de v\u00e9lo un peu plus typ\u00e9 descente. Les VTT enduros sont caract\u00e9ris\u00e9s par leur d\u00e9battement avant et arri\u00e8re (140 mm \u00e0 160mm). Les parcours des excursions de VTT enduro, sont essentiellement des traces VTT \u00e0 profils descendants et techniques.<\/p>\n<p><a title=\"Journ\u00e9e VTT Enduro avec monvtt.ch\" href=\"https:\/\/www.youtube.com\/watch?v=B2xJaD9eadk&amp;t=9s\" target=\"_blank\" rel=\"noopener\"><img fetchpriority=\"high\" decoding=\"async\" class=\"size-full wp-image-6105\" src=\"https:\/\/guide-vtt.ch\/wp-content\/uploads\/2019\/06\/Video_enduro.png\" alt=\"Vid\u00e9o enduro\" width=\"500\" height=\"232\"><\/a><\/p>\n<p><img decoding=\"async\" class=\"alignright size-full wp-image-6106\" style=\"margin: 5px; float: right;\" src=\"https:\/\/guide-vtt.ch\/wp-content\/uploads\/2019\/06\/VTT_Enduro_Jura_Monvtt_21-scaled.jpg\" alt=\"VTT Enduro Jura Monvtt.ch\" width=\"500\" height=\"281\"><img decoding=\"async\" class=\"alignleft size-full wp-image-6107\" style=\"margin: 5px; float: left;\" src=\"https:\/\/guide-vtt.ch\/wp-content\/uploads\/2019\/06\/VTT_Enduro_Jura_Monvtt_19-scaled.jpg\" alt=\"VTT Enduro Jura Monvtt 19\" width=\"500\" height=\"281\"><img loading=\"lazy\" decoding=\"async\" class=\"alignleft size-full wp-image-6108\" style=\"margin: 5px; float: left;\" src=\"https:\/\/guide-vtt.ch\/wp-content\/uploads\/2019\/06\/VTT_Enduro_Jura_Monvtt_27.jpg\" alt=\"VTT Enduro Jura Monvtt 27\" width=\"500\" height=\"375\"><img loading=\"lazy\" decoding=\"async\" class=\"alignright size-full wp-image-6109\" style=\"margin-top: 5px; margin-bottom: 5px; float: right;\" src=\"https:\/\/guide-vtt.ch\/wp-content\/uploads\/2019\/06\/VTT_Enduro_Jura_Monvtt_8-scaled.jpg\" alt=\"VTT Enduro Jura Monvtt 8\" width=\"500\" height=\"281\"><img loading=\"lazy\" decoding=\"async\" class=\"alignright size-full wp-image-6110\" style=\"float: right;\" src=\"https:\/\/guide-vtt.ch\/wp-content\/uploads\/2019\/06\/VTT_Enduro_Jura_Monvtt_6-scaled.jpg\" alt=\"VTT Enduro Jura Monvtt.ch\" width=\"500\" height=\"281\"><img loading=\"lazy\" decoding=\"async\" class=\"alignleft size-full wp-image-6111\" style=\"margin: 5px; float: left;\" src=\"https:\/\/guide-vtt.ch\/wp-content\/uploads\/2019\/06\/VTT_Enduro_Jura_Monvtt_5-scaled.jpg\" alt=\"VTT Enduro Jura Monvtt.ch\" width=\"281\" height=\"500\"><img loading=\"lazy\" decoding=\"async\" class=\"alignright size-full wp-image-6112\" style=\"margin: 5px; float: right;\" src=\"https:\/\/guide-vtt.ch\/wp-content\/uploads\/2019\/06\/VTT_Enduro_Jura_Monvtt_1.jpg\" alt=\"VTT Enduro Jura Monvtt.ch - Nyon Tourisme R\u00e9gion\" width=\"800\" height=\"600\"><\/p>\n<p>\u00a0<\/p>\n<p>\u00a0<\/p>\n<p>\u00a0<\/p>\n<p>\u00a0<\/p>\n<p>\u00a0<\/p>\n<p>\u00a0<\/p>\n<p>\u00a0<\/p>\n<p>\u00a0<\/p>\n<p>\u00a0<\/p>\n<p>\u00a0<\/p>\n<p>\u00a0<\/p>\n<p>\u00a0<\/p>\n<p>\u00a0<\/p>\n<p>\u00a0<\/p>\n<p>\u00a0<\/p>\n<p>\u00a0<\/p>\n<p>\u00a0<\/p>\n<p>\u00a0<\/p>\n<p>\u00a0<\/p>\n<p>\u00a0<\/p>\n<p>\u00a0<\/p>\n<p>\u00a0<\/p>\n<p>\u00a0<\/p>\n<p>tracea.ch vous propose plusieurs formules, selon vos envies et votre condition physique. Les sommets peuvent \u00eatre atteints \u00e0 la force des mollets, en train ou encore avec notre navette (5 personnes maxi).<\/p>\n<p><a href=\"https:\/\/guide-vtt.ch\/2018\/12\/10\/programmez-une-excursion-vtt-enduro-avec-votre-guide-jura-vaudois-suisse\/\" target=\"_blank\" rel=\"noopener\">N\u2019h\u00e9sitez pas \u00e0 prendre contact pour plus de renseignements.<\/a><\/p>\n<p>\u00a0<\/p>","protected":false},"excerpt":{"rendered":"<p>\u00a0 Besoin d\u2019adr\u00e9naline et de vous surprendre au guidon de votre VTT, nos sorties et excursions en VTT enduro accompagn\u00e9s de votre Guide sont faites pour vous. Depuis quelques temps on entend de plus en plus parler de \u00ab VTT Enduro \u00bb dans le Jura Vaudois, mais qu\u2019est-ce que c\u2019est vraiment ? L\u2019enduro est une [&hellip;]<\/p>\n","protected":false},"author":1,"featured_media":59452,"comment_status":"open","ping_status":"open","sticky":false,"template":"","format":"standard","meta":{"footnotes":""},"categories":[801],"tags":[808],"class_list":["post-59330","post","type-post","status-publish","format-standard","has-post-thumbnail","hentry","category-blog","tag-actualites"],"_links":{"self":[{"href":"https:\/\/www.tracea.ch\/it\/wp-json\/wp\/v2\/posts\/59330","targetHints":{"allow":["GET"]}}],"collection":[{"href":"https:\/\/www.tracea.ch\/it\/wp-json\/wp\/v2\/posts"}],"about":[{"href":"https:\/\/www.tracea.ch\/it\/wp-json\/wp\/v2\/types\/post"}],"author":[{"embeddable":true,"href":"https:\/\/www.tracea.ch\/it\/wp-json\/wp\/v2\/users\/1"}],"replies":[{"embeddable":true,"href":"https:\/\/www.tracea.ch\/it\/wp-json\/wp\/v2\/comments?post=59330"}],"version-history":[{"count":1,"href":"https:\/\/www.tracea.ch\/it\/wp-json\/wp\/v2\/posts\/59330\/revisions"}],"predecessor-version":[{"id":60052,"href":"https:\/\/www.tracea.ch\/it\/wp-json\/wp\/v2\/posts\/59330\/revisions\/60052"}],"wp:featuredmedia":[{"embeddable":true,"href":"https:\/\/www.tracea.ch\/it\/wp-json\/wp\/v2\/media\/59452"}],"wp:attachment":[{"href":"https:\/\/www.tracea.ch\/it\/wp-json\/wp\/v2\/media?parent=59330"}],"wp:term":[{"taxonomy":"category","embeddable":true,"href":"https:\/\/www.tracea.ch\/it\/wp-json\/wp\/v2\/categories?post=59330"},{"taxonomy":"post_tag","embeddable":true,"href":"https:\/\/www.tracea.ch\/it\/wp-json\/wp\/v2\/tags?post=59330"}],"curies":[{"name":"wp","href":"https:\/\/api.w.org\/{rel}","templated":true}]}}