{"id":59331,"date":"2019-07-16T20:49:28","date_gmt":"2019-07-16T18:49:28","guid":{"rendered":"https:\/\/hiver.monvtt.ch\/2019\/07\/16\/explorez-notre-paradis-du-velo\/"},"modified":"2019-07-16T20:49:28","modified_gmt":"2019-07-16T18:49:28","slug":"explorez-notre-paradis-du-velo","status":"publish","type":"post","link":"https:\/\/www.tracea.ch\/it\/blog\/explorez-notre-paradis-du-velo\/","title":{"rendered":"Explorez notre paradis du v\u00e9lo !"},"content":{"rendered":"<p>Les amateurs de deux-roues voient du pays dans le canton de Vaud ! \u00c0 v\u00e9lo ou \u00e0 VTT, une vingtaine d\u2019itin\u00e9raires balis\u00e9s par SuisseMobile m\u00e8nent les cyclistes \u00e0 travers mille paysages : des lacs apaisants aux cols de montagne les plus exigeants, en passant par les campagnes et les vignobles.<\/p>\n<p>Ambassadeur de la mobilit\u00e9 douce dans notre pays, le projet SuisseMobile a trouv\u00e9 une terre de pr\u00e9dilection dans le Pays de Vaud ! Hormis les chemins de randonn\u00e9e et les trac\u00e9s adapt\u00e9s aux rollers, les itin\u00e9raires \u00e0 faire \u00e0 v\u00e9lo ou en VTT sont nombreux en terre vaudoise. Tous les niveaux et toutes les envies se rejoignent sur des routes vari\u00e9es. Le Jura et les Alpes vaudoises sont le terrain de jeu des sportifs. En famille ou entre amis, ils viennent titiller les chemins de montagne pour un moment d\u2019efforts r\u00e9compens\u00e9s par des panoramas \u00e0 couper le souffle. Les plus courageux s\u2019attaquent \u00e0 l\u2019un des trois cols \u2013 les Mosses, le Pillon et la Croix \u2013 lors d\u2019un v\u00e9ritable d\u00e9fi sportif ! Dans les campagnes et les vignobles, les cyclistes se d\u00e9pensent tout en profitant des paysages. Ses r\u00e9gions de terroir invitent \u00e0 une pause gourmande entre deux coups de p\u00e9dale. Enfin, les lacs restent le paradis des balades familiales \u00e0 un rythme doux. Pour mettre ces aventures cyclistes \u00e0 la port\u00e9e de tous, la plupart des magasins de sport de la r\u00e9gion proposent des e-bikes \u00e0 la location.<\/p>\n<p>Avec ses paysages vari\u00e9s, ses h\u00e9bergements adapt\u00e9s et des services pens\u00e9s sp\u00e9cialement pour les cyclistes, le canton de Vaud est une terre d\u2019accueil id\u00e9ale pour des excursions d\u2019un ou plusieurs jours \u00e0 v\u00e9lo et VTT.<\/p>\n<p>Les nombreux lacs du canton de Vaud sont appr\u00e9ci\u00e9s par les randonneurs, comme par les cyclistes, pour leurs jolis sentiers \u00e0 la faible d\u00e9nivellation. Pour faire le tour du lac de Neuch\u00e2tel en deux jours, un forfait \u00e0 prix doux fait voir du pays et des h\u00f4tels adapt\u00e9s aux sportifs.<img fetchpriority=\"high\" decoding=\"async\" class=\"alignright size-full wp-image-6115\" src=\"https:\/\/guide-vtt.ch\/wp-content\/uploads\/2019\/07\/20190530_102913-scaled.jpg\" alt=\"20190530 102913\" width=\"600\" height=\"338\" style=\"margin: 10px; float: right;\" \/><\/p>\n<p>Gr\u00e2ce aux v\u00e9los et <a href=\"https:\/\/guide-vtt.ch\/2018\/12\/10\/programmez-une-excursion-vtt-electrique-avec-votre-guide-dans-le-jura-vaudois\/\" target=\"_blank\" rel=\"noopener\">VTT \u00e9lectriques<\/a>, de plus en plus performants, tout le monde peut d\u00e9sormais relever de v\u00e9ritables d\u00e9fis dans des paysages aux reliefs montagneux. Ces deux-roues qui soulagent les mollets se louent dans un grand nombre de magasins de sport, par exemple \u00e0 Gryon.<\/p>\n<p>Service tr\u00e8s appr\u00e9ci\u00e9 des \u00ab cyclotouristes \u00bb, le transport des bagages permet de tailler la route pendant plusieurs jours sans se soucier du poids de ses affaires. Il est propos\u00e9 lors de circuits de deux ou trois jours dans le Parc Jura vaudois ou dans le cadre du Tour des Alpes vaudoises en quatre jours.<\/p>\n<p>Le Parc Jura vaudois s&rsquo;\u00e9tend du sommet de la D\u00f4le au bourg m\u00e9di\u00e9val de Romainm\u00f4tier, c\u00e9l\u00e8bre pour son abbatiale. Au nord, la Vall\u00e9e de Joux, au sud, les for\u00eats d&rsquo;\u00e9pic\u00e9as et de h\u00eatres laissent place aux villages du pied du Jura.<br \/>Ce Parc naturel r\u00e9gional abrite des for\u00eats recul\u00e9es, des marais myst\u00e9rieux, des zones karstiques et des p\u00e2turages bois\u00e9s entour\u00e9s de murets de pierres s\u00e8ches. Le tout forme un d\u00e9cor particuli\u00e8rement attractif pour les adeptes de la randonn\u00e9e, du v\u00e9lo et du VTT. Le trac\u00e9 du Bike Tour Parc Jura vaudois, praticable \u00e0 v\u00e9lo ou en e-bike, a une longueur totale de 120 km. Des fromageries et des buvettes d\u2019alpage, des \u00e9piceries de village et des restaurants proposent des produits locaux aux visiteurs. Le transport des bagages est assur\u00e9 en toute s\u00e9curit\u00e9.<\/p>\n<p>&nbsp;<\/p>\n<p>&nbsp;<\/p>\n<p>&nbsp;<\/p>\n<p>&nbsp;<\/p>\n<p>&nbsp;<\/p>\n<p><img decoding=\"async\" class=\"alignleft size-full wp-image-6116\" src=\"https:\/\/guide-vtt.ch\/wp-content\/uploads\/2019\/07\/Monvtt_Jura_Nyon_5-scaled.jpg\" alt=\"Monvtt Jura Nyon 5\" width=\"800\" height=\"451\" style=\"margin: 10px; float: left;\" \/><\/p>","protected":false},"excerpt":{"rendered":"<p>Les amateurs de deux-roues voient du pays dans le canton de Vaud ! \u00c0 v\u00e9lo ou \u00e0 VTT, une vingtaine d\u2019itin\u00e9raires balis\u00e9s par SuisseMobile m\u00e8nent les cyclistes \u00e0 travers mille paysages : des lacs apaisants aux cols de montagne les plus exigeants, en passant par les campagnes et les vignobles. Ambassadeur de la mobilit\u00e9 douce [&hellip;]<\/p>\n","protected":false},"author":1,"featured_media":59465,"comment_status":"open","ping_status":"open","sticky":false,"template":"","format":"standard","meta":{"footnotes":""},"categories":[801],"tags":[808],"class_list":["post-59331","post","type-post","status-publish","format-standard","has-post-thumbnail","hentry","category-blog","tag-actualites"],"_links":{"self":[{"href":"https:\/\/www.tracea.ch\/it\/wp-json\/wp\/v2\/posts\/59331","targetHints":{"allow":["GET"]}}],"collection":[{"href":"https:\/\/www.tracea.ch\/it\/wp-json\/wp\/v2\/posts"}],"about":[{"href":"https:\/\/www.tracea.ch\/it\/wp-json\/wp\/v2\/types\/post"}],"author":[{"embeddable":true,"href":"https:\/\/www.tracea.ch\/it\/wp-json\/wp\/v2\/users\/1"}],"replies":[{"embeddable":true,"href":"https:\/\/www.tracea.ch\/it\/wp-json\/wp\/v2\/comments?post=59331"}],"version-history":[{"count":0,"href":"https:\/\/www.tracea.ch\/it\/wp-json\/wp\/v2\/posts\/59331\/revisions"}],"wp:featuredmedia":[{"embeddable":true,"href":"https:\/\/www.tracea.ch\/it\/wp-json\/wp\/v2\/media\/59465"}],"wp:attachment":[{"href":"https:\/\/www.tracea.ch\/it\/wp-json\/wp\/v2\/media?parent=59331"}],"wp:term":[{"taxonomy":"category","embeddable":true,"href":"https:\/\/www.tracea.ch\/it\/wp-json\/wp\/v2\/categories?post=59331"},{"taxonomy":"post_tag","embeddable":true,"href":"https:\/\/www.tracea.ch\/it\/wp-json\/wp\/v2\/tags?post=59331"}],"curies":[{"name":"wp","href":"https:\/\/api.w.org\/{rel}","templated":true}]}}