{"id":59332,"date":"2018-12-10T10:22:12","date_gmt":"2018-12-10T09:22:12","guid":{"rendered":"https:\/\/hiver.monvtt.ch\/2018\/12\/10\/une-ecole-vtt-st-cergue\/"},"modified":"2018-12-10T10:22:12","modified_gmt":"2018-12-10T09:22:12","slug":"une-ecole-vtt-st-cergue","status":"publish","type":"post","link":"https:\/\/www.tracea.ch\/it\/blog\/une-ecole-vtt-st-cergue\/","title":{"rendered":"Ouverture de votre \u00e9cole de VTT \u00e0 St-Cergue !"},"content":{"rendered":"<p>Situ\u00e9 dans le massif du Jura, un environnement propice \u00e0 la pratique du VTT et adapt\u00e9 \u00e0 tous les niveaux, du d\u00e9butant au confirm\u00e9, le Club VTT St-Cergue a vu le jour en f\u00e9vrier 2020 avec la formation d\u2019un comit\u00e9 compos\u00e9 de passionn\u00e9s.<\/p>\n<p>L\u2019objectif principal du club est de d\u00e9velopper et promouvoir les activit\u00e9s du VTT dans la r\u00e9gion de St-Cergue et de permettre aux jeunes (de 10 \u00e0 20 ans) d\u2019acqu\u00e9rir et d\u2019am\u00e9liorer les comp\u00e9tences techniques et physiques du VTT, le tout de mani\u00e8re ludique et s\u00e9curisante.<br \/>En cas d\u2019int\u00e9r\u00eat, les activit\u00e9s et entra\u00eenements pourront aussi \u00eatre ouverts aux adultes d\u00e9sirant d\u00e9velopper leurs comp\u00e9tences physique et techniques en VTT.<\/p>\n<p>Les entrainements auront lieux deux fois par semaine (les mercredis apr\u00e8s-midi et samedis matin) dans les environs de St-Cergue et seront encadr\u00e9s par des moniteurs titulaires du dipl\u00f4me jeunesse et sport. L\u2019objectif fix\u00e9 par le comit\u00e9 lors la premi\u00e8re ann\u00e9e est de constituer un groupe de 25 \u00e0 30 jeunes adh\u00e9rents. Le club accueille des jeunes de St-Cergue mais aussi des communes environnantes : Arzier, Bassins, Le Vaud, Genolier, Givrins, Tr\u00e9lex et Gingins.<\/p>\n<p>Gr\u00e2ce \u00e0 l\u2019\u00e9troite collaboration avec les autorit\u00e9s communales de St-Cergue et autres intervenants locaux, le club envisage dans un futur plus ou moins proche, la cr\u00e9ation d\u2019une ou plusieurs pistes d\u2019entrainements ludiques avec obstacles. Cet espace unique dans la r\u00e9gion serait le point de rendez-vous incontournable pour tous les passionn\u00e9s de VTT.<\/p>\n<p>Le club est aussi \u00e0 la recherche de partenaires voulant investir dans les infrastructures li\u00e9es au d\u00e9veloppement des activit\u00e9s VTT \u00e0 travers du sponsoring.<\/p>\n<p>Les entrainements seront encadr\u00e9s par des moniteurs titulaires du dipl\u00f4me jeunesse et sport : Moniteur Cyclisme Sport des jeunes<\/p>\n<h4><a href=\"https:\/\/www.vtt-st-cergue.ch\/\" target=\"_blank\" rel=\"noopener\"><\/a><\/h4>\n<p><a href=\"https:\/\/www.vtt-st-cergue.ch\/\" target=\"_blank\" rel=\"noopener\" class=\"uk-button uk-button-secondary\">En savoir plus sur l&rsquo;\u00e9cole de VTT ST-CERGUE<\/a><br \/>Cotisation annuelle&nbsp; : 90 CHF&nbsp;<\/p>\n<p>&nbsp;<\/p>\n<p><!--more--><\/p>\n<h2>&nbsp;Le club de VTT en bref<\/h2>\n<div style=\"width: 100%; height: auto; padding-bottom: 40px; display: inline-block;\">\n<div style=\"width: 50%; float: right;\"><img decoding=\"async\" class=\"size-full wp-image-6038\" src=\"https:\/\/guide-vtt.ch\/wp-content\/uploads\/2018\/12\/picto-niveau-vtt.png\" alt=\"progresser en Cross Country\" width=\"50\" height=\"50\" \/> Entrainements adapt\u00e9s par niveaux<\/p>\n<hr \/>\n<p><img decoding=\"async\" class=\"size-full wp-image-6039\" src=\"https:\/\/guide-vtt.ch\/wp-content\/uploads\/2018\/12\/picto-velo-VTT.png\" alt=\"progresser en Cross Country\" width=\"50\" height=\"50\" \/>&nbsp;Cotisation annuelle de 90 chf<\/div>\n<div style=\"width: 50%; float: left;\"><img decoding=\"async\" class=\"size-full wp-image-6040\" src=\"https:\/\/guide-vtt.ch\/wp-content\/uploads\/2018\/12\/picto-groupe-vtt.png\" alt=\"progresser en Cross Country\" width=\"50\" height=\"50\" \/>&nbsp;A partir de 10 ans<\/p>\n<hr \/>\n<p><img loading=\"lazy\" decoding=\"async\" class=\"size-full wp-image-6041\" src=\"https:\/\/guide-vtt.ch\/wp-content\/uploads\/2018\/12\/picto-duree-vtt.png\" alt=\"progresser en Cross Country\" width=\"50\" height=\"50\" \/>&nbsp;Dur\u00e9e des entrainements : 1,5 heures<\/div>\n<\/div>\n<p><img loading=\"lazy\" decoding=\"async\" class=\"alignleft size-full wp-image-6125\" src=\"https:\/\/guide-vtt.ch\/wp-content\/uploads\/2018\/12\/Moniteur.png\" alt=\"Moniteur\" width=\"173\" height=\"198\" style=\"margin: 8px; float: left;\" \/><\/p>\n<h4>Damien NARDIN<\/h4>\n<h5>Moniteur Cyclisme Sport des Jeunes&nbsp;<\/h5>\n<p>\u00ab\u00a0Passionn\u00e9 de VTT depuis mon plus jeune \u00e2ge, je souhaite transmettre le go\u00fbt de ce sport aux jeunes de la r\u00e9gion. Saint-Cerguois d&rsquo;adoption il \u00e9tait tout naturel de cr\u00e9er cette \u00e9cole au pied de notre D\u00f4le.\u00a0\u00bb<\/p>\n<p>&nbsp;&nbsp;&nbsp;&nbsp;<\/p>\n<h2>Nous joindre ou nous rejoindre :&nbsp;<\/h2>\n<p>{loadmoduleid 162}<\/p>\n<p>&nbsp;<\/p>\n<h2>Les derni\u00e8res actus de l&rsquo;\u00e9cole de VTT<\/h2>\n<p>{loadmoduleid 98}<\/p>\n<p>&nbsp;<\/p>","protected":false},"excerpt":{"rendered":"<p>Situ\u00e9 dans le massif du Jura, un environnement propice \u00e0 la pratique du VTT et adapt\u00e9 \u00e0 tous les niveaux, du d\u00e9butant au confirm\u00e9, le Club VTT St-Cergue a vu le jour en f\u00e9vrier 2020 avec la formation d\u2019un comit\u00e9 compos\u00e9 de passionn\u00e9s. L\u2019objectif principal du club est de d\u00e9velopper et promouvoir les activit\u00e9s du [&hellip;]<\/p>\n","protected":false},"author":1,"featured_media":59496,"comment_status":"open","ping_status":"open","sticky":false,"template":"","format":"standard","meta":{"footnotes":""},"categories":[801],"tags":[802],"class_list":["post-59332","post","type-post","status-publish","format-standard","has-post-thumbnail","hentry","category-blog","tag-sorties-excursions"],"_links":{"self":[{"href":"https:\/\/www.tracea.ch\/it\/wp-json\/wp\/v2\/posts\/59332","targetHints":{"allow":["GET"]}}],"collection":[{"href":"https:\/\/www.tracea.ch\/it\/wp-json\/wp\/v2\/posts"}],"about":[{"href":"https:\/\/www.tracea.ch\/it\/wp-json\/wp\/v2\/types\/post"}],"author":[{"embeddable":true,"href":"https:\/\/www.tracea.ch\/it\/wp-json\/wp\/v2\/users\/1"}],"replies":[{"embeddable":true,"href":"https:\/\/www.tracea.ch\/it\/wp-json\/wp\/v2\/comments?post=59332"}],"version-history":[{"count":0,"href":"https:\/\/www.tracea.ch\/it\/wp-json\/wp\/v2\/posts\/59332\/revisions"}],"wp:featuredmedia":[{"embeddable":true,"href":"https:\/\/www.tracea.ch\/it\/wp-json\/wp\/v2\/media\/59496"}],"wp:attachment":[{"href":"https:\/\/www.tracea.ch\/it\/wp-json\/wp\/v2\/media?parent=59332"}],"wp:term":[{"taxonomy":"category","embeddable":true,"href":"https:\/\/www.tracea.ch\/it\/wp-json\/wp\/v2\/categories?post=59332"},{"taxonomy":"post_tag","embeddable":true,"href":"https:\/\/www.tracea.ch\/it\/wp-json\/wp\/v2\/tags?post=59332"}],"curies":[{"name":"wp","href":"https:\/\/api.w.org\/{rel}","templated":true}]}}