{"id":59340,"date":"2021-04-22T07:13:12","date_gmt":"2021-04-22T05:13:12","guid":{"rendered":"https:\/\/hiver.monvtt.ch\/2021\/04\/22\/ouverture-de-notre-shop-monvtt-ch\/"},"modified":"2026-08-23T11:22:42","modified_gmt":"2026-08-23T11:22:42","slug":"ouverture-de-notre-shop-monvtt-ch","status":"publish","type":"post","link":"https:\/\/www.tracea.ch\/it\/blog\/ouverture-de-notre-shop-monvtt-ch\/","title":{"rendered":"Ouverture de notre shop tracea.ch !"},"content":{"rendered":"<h4>Toute l&rsquo;\u00e9quipe de tracea.ch est heureuse de vous annoncer l&rsquo;ouverture de notre shop, le samedi 1er mai \u00e0 partir de 8h30 !<\/h4>\n<p>Nous vous proposons un service de<strong> <a href=\"index.php?option=com_vikrentitems&amp;view=categories&amp;sortby=auto&amp;sorttype=asc&amp;showdescr=1&amp;reslim=20&amp;Itemid=109\">noleggio di mountain bike<\/a><\/strong>, avec un parc de plus de 20 VTT, E-Bike, Enduro ou enfants.<\/p>\n<p>Les r\u00e9servations se font en ligne sur notre site internet ou directement au magasin le jour m\u00eame. Nous vous proposons \u00e9galement un service d&rsquo;entretien pour votre v\u00e9lo et quelques articles sont \u00e9galement en vente (sac \u00e0 dos, chambres \u00e0 air, pompes, etc&#8230;) Nous jours d&rsquo;ouvertures \u00e9volueront au fil de la saison. Au mois de mai nous sommes ouverts tous les week-ends ainsi que les jours f\u00e9ri\u00e9s.<\/p>\n<p>Pour tout renseignement composez le 022 559 30 09 ou le 079 257 64 00. A bient\u00f4t !\u00a0<\/p>\n<p>\u00a0<img fetchpriority=\"high\" decoding=\"async\" class=\"alignleft size-full wp-image-6155\" src=\"https:\/\/guide-vtt.ch\/wp-content\/uploads\/2021\/04\/Monvtt_Shop_4-scaled.jpg\" alt=\"\" width=\"500\" height=\"375\" style=\"margin-top: 5px; margin-bottom: 5px; float: left;\"><\/p>","protected":false},"excerpt":{"rendered":"<p>Toute l&rsquo;\u00e9quipe de tracea.ch est heureuse de vous annoncer l&rsquo;ouverture de notre shop, le samedi 1er mai \u00e0 partir de 8h30 ! Nous vous proposons un service de location de VTT, avec un parc de plus de 20 VTT, E-Bike, Enduro ou enfants. Les r\u00e9servations se font en ligne sur notre site internet ou directement [&hellip;]<\/p>\n","protected":false},"author":1,"featured_media":59483,"comment_status":"open","ping_status":"open","sticky":false,"template":"","format":"standard","meta":{"footnotes":""},"categories":[801],"tags":[808],"class_list":["post-59340","post","type-post","status-publish","format-standard","has-post-thumbnail","hentry","category-blog","tag-actualites"],"_links":{"self":[{"href":"https:\/\/www.tracea.ch\/it\/wp-json\/wp\/v2\/posts\/59340","targetHints":{"allow":["GET"]}}],"collection":[{"href":"https:\/\/www.tracea.ch\/it\/wp-json\/wp\/v2\/posts"}],"about":[{"href":"https:\/\/www.tracea.ch\/it\/wp-json\/wp\/v2\/types\/post"}],"author":[{"embeddable":true,"href":"https:\/\/www.tracea.ch\/it\/wp-json\/wp\/v2\/users\/1"}],"replies":[{"embeddable":true,"href":"https:\/\/www.tracea.ch\/it\/wp-json\/wp\/v2\/comments?post=59340"}],"version-history":[{"count":1,"href":"https:\/\/www.tracea.ch\/it\/wp-json\/wp\/v2\/posts\/59340\/revisions"}],"predecessor-version":[{"id":60044,"href":"https:\/\/www.tracea.ch\/it\/wp-json\/wp\/v2\/posts\/59340\/revisions\/60044"}],"wp:featuredmedia":[{"embeddable":true,"href":"https:\/\/www.tracea.ch\/it\/wp-json\/wp\/v2\/media\/59483"}],"wp:attachment":[{"href":"https:\/\/www.tracea.ch\/it\/wp-json\/wp\/v2\/media?parent=59340"}],"wp:term":[{"taxonomy":"category","embeddable":true,"href":"https:\/\/www.tracea.ch\/it\/wp-json\/wp\/v2\/categories?post=59340"},{"taxonomy":"post_tag","embeddable":true,"href":"https:\/\/www.tracea.ch\/it\/wp-json\/wp\/v2\/tags?post=59340"}],"curies":[{"name":"wp","href":"https:\/\/api.w.org\/{rel}","templated":true}]}}