{"id":59356,"date":"2021-02-01T15:09:42","date_gmt":"2021-02-01T14:09:42","guid":{"rendered":"https:\/\/hiver.monvtt.ch\/2021\/02\/01\/week-end-enduro-shuttle-2\/"},"modified":"2026-08-23T11:22:42","modified_gmt":"2026-08-23T11:22:42","slug":"week-end-enduro-shuttle-2","status":"publish","type":"post","link":"https:\/\/www.tracea.ch\/it\/blog\/week-end-enduro-shuttle-2\/","title":{"rendered":"Week end Enduro Shuttle"},"content":{"rendered":"<div class=\"kvgmc6g5 cxmmr5t8 oygrvhab hcukyx3x c1et5uql\">Sortie enduro \u00e0 la travers le massif du Jura. La formule \u00ab\u00a0Shuttle\u00a0\u00bb permet de d\u00e9couvrir la r\u00e9gion \u00e0 travers des trails engag\u00e9s et typiques.<br \/>Cette excursion est propos\u00e9e sur 1 ou 2 jours, au choix, avec possibilit\u00e9 d&rsquo;h\u00e9bergement.<\/div>\n<div class=\"kvgmc6g5 cxmmr5t8 oygrvhab hcukyx3x c1et5uql\">Les remont\u00e9es se font bien confortablement dans notre van tracea.ch.<\/p>\n<p>Niveau Physique : C3<br \/>Niveau Technique \/ T3<br \/>Voir <a href=\"https:\/\/guide-vtt.ch\/?p=6192\" target=\"_blank\" rel=\"noopener\">bar\u00e8me\u00a0<\/a><\/p>\n<p>Samedi 25 septembre &#8211; A partir de 8h00<br \/>Shuttle dans la r\u00e9gion de Montricher, Mont-Tendre et Dent de Vaulion<br \/>5 \u00e0 6 sp\u00e9ciales &#8211; Minimum 45 km +450m \/-4000m<br \/>Retour en navette sur St-Cergue<\/p>\n<p>Dimanche 26 septembre &#8211; A partir de 8h30<br \/>Shuttle dans la r\u00e9gion de Divonne, La Rippe, Le Vaud, St-George<br \/>5 \u00e0 6 sp\u00e9ciales &#8211; Minimum 45 km +300m \/-4000m<br \/>Retour autour de 17h30<\/p>\n<p>Repas du midi : Resto ou casse-cro\u00fbte (\u00e0 discuter ensemble)<\/p><\/div>\n<div>Possibilit\u00e9 de souper, nuit\u00e9e et PDJ en auberge \u00e0 St Cergue.<\/div>\n<p>\u00a0<\/p>\n<p class=\"agenda\"><a href=\"https:\/\/booking.myrezapp.com\/fr\/online\/booking\/step1\/5112\/45153\" target=\"_blank\" rel=\"noopener\" class=\"uk-button uk-button-primary agenda\">INFOS ET R\u00c9SERVATIONS<\/a><\/p>","protected":false},"excerpt":{"rendered":"<p>Sortie enduro \u00e0 la travers le massif du Jura. La formule \u00ab\u00a0Shuttle\u00a0\u00bb permet de d\u00e9couvrir la r\u00e9gion \u00e0 travers des trails engag\u00e9s et typiques.Cette excursion est propos\u00e9e sur 1 ou 2 jours, au choix, avec possibilit\u00e9 d&rsquo;h\u00e9bergement. Les remont\u00e9es se font bien confortablement dans notre van tracea.ch. Niveau Physique : C3Niveau Technique \/ T3Voir bar\u00e8me\u00a0 [&hellip;]<\/p>\n","protected":false},"author":1,"featured_media":0,"comment_status":"open","ping_status":"open","sticky":false,"template":"","format":"standard","meta":{"footnotes":""},"categories":[801],"tags":[808],"class_list":["post-59356","post","type-post","status-publish","format-standard","hentry","category-blog","tag-actualites"],"_links":{"self":[{"href":"https:\/\/www.tracea.ch\/it\/wp-json\/wp\/v2\/posts\/59356","targetHints":{"allow":["GET"]}}],"collection":[{"href":"https:\/\/www.tracea.ch\/it\/wp-json\/wp\/v2\/posts"}],"about":[{"href":"https:\/\/www.tracea.ch\/it\/wp-json\/wp\/v2\/types\/post"}],"author":[{"embeddable":true,"href":"https:\/\/www.tracea.ch\/it\/wp-json\/wp\/v2\/users\/1"}],"replies":[{"embeddable":true,"href":"https:\/\/www.tracea.ch\/it\/wp-json\/wp\/v2\/comments?post=59356"}],"version-history":[{"count":1,"href":"https:\/\/www.tracea.ch\/it\/wp-json\/wp\/v2\/posts\/59356\/revisions"}],"predecessor-version":[{"id":60048,"href":"https:\/\/www.tracea.ch\/it\/wp-json\/wp\/v2\/posts\/59356\/revisions\/60048"}],"wp:attachment":[{"href":"https:\/\/www.tracea.ch\/it\/wp-json\/wp\/v2\/media?parent=59356"}],"wp:term":[{"taxonomy":"category","embeddable":true,"href":"https:\/\/www.tracea.ch\/it\/wp-json\/wp\/v2\/categories?post=59356"},{"taxonomy":"post_tag","embeddable":true,"href":"https:\/\/www.tracea.ch\/it\/wp-json\/wp\/v2\/tags?post=59356"}],"curies":[{"name":"wp","href":"https:\/\/api.w.org\/{rel}","templated":true}]}}