{"id":59364,"date":"2021-12-10T08:29:13","date_gmt":"2021-12-10T07:29:13","guid":{"rendered":"https:\/\/hiver.monvtt.ch\/2021\/12\/10\/raquettes-a-neige-au-clair-de-lune-st-cergue-suisse\/"},"modified":"2021-12-10T08:29:13","modified_gmt":"2021-12-10T07:29:13","slug":"raquettes-a-neige-au-clair-de-lune-st-cergue-suisse","status":"publish","type":"post","link":"https:\/\/www.tracea.ch\/it\/blog\/raquettes-a-neige-au-clair-de-lune-st-cergue-suisse\/","title":{"rendered":"Raquettes \u00e0 neige au clair de lune &#8211; St-Cergue (Suisse)"},"content":{"rendered":"<p>D\u00e9couvrez l&rsquo;ambiance magique d&rsquo;une randonn\u00e9e en raquettes \u00e0 neige au clair de lune.<\/p>\n<p>Le calme et la beaut\u00e9 du jura vaudois enneig\u00e9 vous emporteront dans ce moment hors du commun. Nous profiterons de la pleine lune pour effectuer une balade d&rsquo;environ 1h30. Nous aurons peut-\u00eatre la chance d&rsquo;apercevoir des animaux sauvages typiques du coin tel que des biches, cerfs ou encore sangliers.<\/p>\n<p>Points forts<br \/>Le massif du Jura est un paradis sauvage et prot\u00e9g\u00e9 qui se laisse d\u00e9couvrir.<br \/>Laissez-moi vous guidez et surprendre \u00e0 travers nos for\u00eats et montagnes.<\/p>\n<p>Dates :<br \/>Samedi 7 janvier 19h30<br \/>Dimanche 5 f\u00e9vrier 19h30<br \/>Lundi 6 f\u00e9vrier 19h30<\/p>\n<p>&nbsp;<a href=\"https:\/\/booking.myrezapp.com\/fr\/online\/booking\/step1\/5112\/49015\" target=\"_blank\" rel=\"noopener\" class=\"uk-button uk-button-primary agenda\">INFOS ET R\u00c9SERVATIONS<\/a><\/p>","protected":false},"excerpt":{"rendered":"<p>D\u00e9couvrez l&rsquo;ambiance magique d&rsquo;une randonn\u00e9e en raquettes \u00e0 neige au clair de lune. Le calme et la beaut\u00e9 du jura vaudois enneig\u00e9 vous emporteront dans ce moment hors du commun. Nous profiterons de la pleine lune pour effectuer une balade d&rsquo;environ 1h30. Nous aurons peut-\u00eatre la chance d&rsquo;apercevoir des animaux sauvages typiques du coin tel [&hellip;]<\/p>\n","protected":false},"author":1,"featured_media":0,"comment_status":"open","ping_status":"open","sticky":false,"template":"","format":"standard","meta":{"footnotes":""},"categories":[801],"tags":[809],"class_list":["post-59364","post","type-post","status-publish","format-standard","hentry","category-blog","tag-evenements"],"_links":{"self":[{"href":"https:\/\/www.tracea.ch\/it\/wp-json\/wp\/v2\/posts\/59364","targetHints":{"allow":["GET"]}}],"collection":[{"href":"https:\/\/www.tracea.ch\/it\/wp-json\/wp\/v2\/posts"}],"about":[{"href":"https:\/\/www.tracea.ch\/it\/wp-json\/wp\/v2\/types\/post"}],"author":[{"embeddable":true,"href":"https:\/\/www.tracea.ch\/it\/wp-json\/wp\/v2\/users\/1"}],"replies":[{"embeddable":true,"href":"https:\/\/www.tracea.ch\/it\/wp-json\/wp\/v2\/comments?post=59364"}],"version-history":[{"count":0,"href":"https:\/\/www.tracea.ch\/it\/wp-json\/wp\/v2\/posts\/59364\/revisions"}],"wp:attachment":[{"href":"https:\/\/www.tracea.ch\/it\/wp-json\/wp\/v2\/media?parent=59364"}],"wp:term":[{"taxonomy":"category","embeddable":true,"href":"https:\/\/www.tracea.ch\/it\/wp-json\/wp\/v2\/categories?post=59364"},{"taxonomy":"post_tag","embeddable":true,"href":"https:\/\/www.tracea.ch\/it\/wp-json\/wp\/v2\/tags?post=59364"}],"curies":[{"name":"wp","href":"https:\/\/api.w.org\/{rel}","templated":true}]}}