{"id":59380,"date":"2023-06-23T08:40:30","date_gmt":"2023-06-23T06:40:30","guid":{"rendered":"https:\/\/monvtt.ch\/?p=32776"},"modified":"2026-08-28T19:56:06","modified_gmt":"2026-08-28T19:56:06","slug":"sortie-vtt-enfants","status":"publish","type":"post","link":"https:\/\/www.tracea.ch\/it\/blog\/sortie-vtt-enfants\/","title":{"rendered":"Sortie VTT enfants \u00e0 Saint-Cergue"},"content":{"rendered":"<p>Cette semaine nous recevions l&rsquo;Ecole de Lully pour une journ\u00e9e VTT avec des enfants de 8 ans. Une tr\u00e8s belle m\u00e9t\u00e9o et des moniteurs au top pour encadrer une vingtaine d&rsquo;enfants tous plus motiv\u00e9s les uns que les autres. La merveilleuse for\u00eat de Saint-Cergue propose une cadre id\u00e9al pour installer nos modules et r\u00e9aliser quelques d\u00e9fis. Une tr\u00e8s belle exp\u00e9rience pour tout le monde !<\/p>\n<p>N&rsquo;oubliez pas dans 2 semaines notre camp ado 11 \u00e0 16 ans d\u00e9bute et il reste 2 places \u00e0 prendre \ud83d\ude01<\/p>","protected":false},"excerpt":{"rendered":"<p>Cette semaine nous recevions l&rsquo;Ecole de Lully pour une journ\u00e9e VTT avec des enfants de 8 ans. Une tr\u00e8s belle m\u00e9t\u00e9o et des moniteurs au top pour encadrer une vingtaine d&rsquo;enfants tous plus motiv\u00e9s les uns que les autres. La merveilleuse for\u00eat de Saint-Cergue propose une cadre id\u00e9al pour installer nos modules et r\u00e9aliser quelques [&hellip;]<\/p>\n","protected":false},"author":1,"featured_media":59595,"comment_status":"closed","ping_status":"closed","sticky":false,"template":"","format":"standard","meta":{"footnotes":""},"categories":[801],"tags":[808,802],"class_list":["post-59380","post","type-post","status-publish","format-standard","has-post-thumbnail","hentry","category-blog","tag-actualites","tag-sorties-excursions"],"_links":{"self":[{"href":"https:\/\/www.tracea.ch\/it\/wp-json\/wp\/v2\/posts\/59380","targetHints":{"allow":["GET"]}}],"collection":[{"href":"https:\/\/www.tracea.ch\/it\/wp-json\/wp\/v2\/posts"}],"about":[{"href":"https:\/\/www.tracea.ch\/it\/wp-json\/wp\/v2\/types\/post"}],"author":[{"embeddable":true,"href":"https:\/\/www.tracea.ch\/it\/wp-json\/wp\/v2\/users\/1"}],"replies":[{"embeddable":true,"href":"https:\/\/www.tracea.ch\/it\/wp-json\/wp\/v2\/comments?post=59380"}],"version-history":[{"count":1,"href":"https:\/\/www.tracea.ch\/it\/wp-json\/wp\/v2\/posts\/59380\/revisions"}],"predecessor-version":[{"id":60176,"href":"https:\/\/www.tracea.ch\/it\/wp-json\/wp\/v2\/posts\/59380\/revisions\/60176"}],"wp:featuredmedia":[{"embeddable":true,"href":"https:\/\/www.tracea.ch\/it\/wp-json\/wp\/v2\/media\/59595"}],"wp:attachment":[{"href":"https:\/\/www.tracea.ch\/it\/wp-json\/wp\/v2\/media?parent=59380"}],"wp:term":[{"taxonomy":"category","embeddable":true,"href":"https:\/\/www.tracea.ch\/it\/wp-json\/wp\/v2\/categories?post=59380"},{"taxonomy":"post_tag","embeddable":true,"href":"https:\/\/www.tracea.ch\/it\/wp-json\/wp\/v2\/tags?post=59380"}],"curies":[{"name":"wp","href":"https:\/\/api.w.org\/{rel}","templated":true}]}}