{"id":59396,"date":"2025-04-30T10:05:34","date_gmt":"2025-04-30T08:05:34","guid":{"rendered":"https:\/\/monvtt.ch\/?p=34047"},"modified":"2025-04-30T10:05:34","modified_gmt":"2025-04-30T08:05:34","slug":"sortie-guidee-en-vtt-electrique","status":"publish","type":"post","link":"https:\/\/www.tracea.ch\/it\/blog\/sortie-guidee-en-vtt-electrique\/","title":{"rendered":"Sortie guid\u00e9e en VTT Electrique"},"content":{"rendered":"<div class=\"xdj266r x11i5rnm xat24cr x1mh8g0r x1vvkbs x126k92a\">\n<div dir=\"auto\">Hier, nous avions le plaisir d&rsquo;accueillir une vingtaine de collaborateurs de l&rsquo;entreprise Holinger SA pour une sortie guid\u00e9e en VTT \u00e9lectrique.<\/div>\n<div dir=\"auto\"><\/div>\n<\/div>\n<div class=\"x11i5rnm xat24cr x1mh8g0r x1vvkbs xtlvy1s x126k92a\">\n<div dir=\"auto\">Au programme, une sortie guid\u00e9e de 3 heures en VTT \u00e9lectrique. Les participants \u00e9taient r\u00e9partis en 3 groupes de niveaux et encadr\u00e9s par nos 6 guides dipl\u00f4m\u00e9s. Cerise sur le g\u00e2teau, la m\u00e9t\u00e9o \u00e9tait une nouvelle fois de notre c\u00f4t\u00e9.<\/div>\n<div dir=\"auto\"><\/div>\n<\/div>\n<div class=\"x11i5rnm xat24cr x1mh8g0r x1vvkbs xtlvy1s x126k92a\">\n<div dir=\"auto\">La semaine prochaine une nouvelle entreprise sera avec nous, mais cette fois pour une journ\u00e9e compl\u00e8te. Mon petit doigt me dit que le soleil sera encore au rendez-vous !<\/div>\n<div dir=\"auto\"><\/div>\n<div dir=\"auto\">Pour vos \u00e9v\u00e8nements d\u2019entreprise ou une simple sortie entre amis, r\u00e9servez votre journ\u00e9e guid\u00e9e en <a href=\"https:\/\/veloenligne.ch\/\" target=\"_blank\" rel=\"noopener\">Mountain bike elettrica<\/a>.<\/div>\n<\/div>\n<div dir=\"auto\">\n<p>Les groupes sont constitu\u00e9s par niveau afin que chacun profite pleinement de sa sortie VTT. Nos guides connaissent tr\u00e8s bien leur secteur et peuvent s\u2019adapter au fil de la journ\u00e9e guid\u00e9e en VTT \u00e9lectrique. Ils ne montrent pas seulement le chemin, ils vous offrent une prestation compl\u00e8te ! Logistique, conseils techniques, itin\u00e9raires, apports de connaissances sur la nature et l\u2019histoire du secteur, partage d\u2019exp\u00e9rience \u2026 Ils favorisent tout simplement le contact humain et vous permettent de rouler le nez au vent, en regardant le paysage\u2026<\/p>\n<p>A la force des mollets et au guidon de votre e-bike, vous parcourez les paysages uniques et pr\u00e9serv\u00e9s du Parc naturel r\u00e9gional Jura vaudois. Les Montagnes du Jura ont \u00e9t\u00e9 dessin\u00e9es pour la pratique du VTT. Des paysages secrets, des topographies toujours renouvel\u00e9es, des natures de terrain diff\u00e9rentes, des difficult\u00e9s adapt\u00e9es \u00e0 chacun. Nous vous garantissons une journ\u00e9e m\u00e9morable.<\/p>\n<\/div>","protected":false},"excerpt":{"rendered":"<p>Hier, nous avions le plaisir d&rsquo;accueillir une vingtaine de collaborateurs de l&rsquo;entreprise Holinger SA pour une sortie guid\u00e9e en VTT \u00e9lectrique. Au programme, une sortie guid\u00e9e de 3 heures en VTT \u00e9lectrique. Les participants \u00e9taient r\u00e9partis en 3 groupes de niveaux et encadr\u00e9s par nos 6 guides dipl\u00f4m\u00e9s. Cerise sur le g\u00e2teau, la m\u00e9t\u00e9o \u00e9tait [&hellip;]<\/p>\n","protected":false},"author":1,"featured_media":59705,"comment_status":"closed","ping_status":"closed","sticky":false,"template":"","format":"standard","meta":{"footnotes":""},"categories":[801],"tags":[808],"class_list":["post-59396","post","type-post","status-publish","format-standard","has-post-thumbnail","hentry","category-blog","tag-actualites"],"_links":{"self":[{"href":"https:\/\/www.tracea.ch\/it\/wp-json\/wp\/v2\/posts\/59396","targetHints":{"allow":["GET"]}}],"collection":[{"href":"https:\/\/www.tracea.ch\/it\/wp-json\/wp\/v2\/posts"}],"about":[{"href":"https:\/\/www.tracea.ch\/it\/wp-json\/wp\/v2\/types\/post"}],"author":[{"embeddable":true,"href":"https:\/\/www.tracea.ch\/it\/wp-json\/wp\/v2\/users\/1"}],"replies":[{"embeddable":true,"href":"https:\/\/www.tracea.ch\/it\/wp-json\/wp\/v2\/comments?post=59396"}],"version-history":[{"count":0,"href":"https:\/\/www.tracea.ch\/it\/wp-json\/wp\/v2\/posts\/59396\/revisions"}],"wp:featuredmedia":[{"embeddable":true,"href":"https:\/\/www.tracea.ch\/it\/wp-json\/wp\/v2\/media\/59705"}],"wp:attachment":[{"href":"https:\/\/www.tracea.ch\/it\/wp-json\/wp\/v2\/media?parent=59396"}],"wp:term":[{"taxonomy":"category","embeddable":true,"href":"https:\/\/www.tracea.ch\/it\/wp-json\/wp\/v2\/categories?post=59396"},{"taxonomy":"post_tag","embeddable":true,"href":"https:\/\/www.tracea.ch\/it\/wp-json\/wp\/v2\/tags?post=59396"}],"curies":[{"name":"wp","href":"https:\/\/api.w.org\/{rel}","templated":true}]}}