{"id":59403,"date":"2026-02-03T09:44:48","date_gmt":"2026-02-03T08:44:48","guid":{"rendered":"https:\/\/monvtt.ch\/?p=34635"},"modified":"2026-08-28T20:44:58","modified_gmt":"2026-08-28T20:44:58","slug":"destockage-fin-de-saison-chez-monvtt-ch-2","status":"publish","type":"post","link":"https:\/\/www.tracea.ch\/it\/blog\/destockage-fin-de-saison-chez-monvtt-ch-2\/","title":{"rendered":"Vendita di mountain bike usate su tracea.ch"},"content":{"rendered":"<p>D\u00e9stockage chez Tracea !<\/p>\n<p>En ce d\u00e9but d&rsquo;ann\u00e9e quelques-uns de nos v\u00e9los sont \u00e0 vendre.<\/p>\n<p>Profitez d\u2019offres exceptionnelles sur nos VTT Electriques et v\u00e9los enfants. Vous trouverez ci-dessous la liste des v\u00e9los d&rsquo;occasion disponibles \u00e0 la vente.<\/p>\n<p>\u00a0<\/p>\n<p><a href=\"https:\/\/www.tracea.ch\/wp-content\/uploads\/2026\/02\/Vente-VTT-occasion-6.jpg\"><img fetchpriority=\"high\" decoding=\"async\" class=\"aligncenter wp-image-35403 size-large\" src=\"https:\/\/www.tracea.ch\/wp-content\/uploads\/2026\/02\/Vente-VTT-occasion-6.jpg\" alt=\"\" width=\"1024\" height=\"724\"><\/a><\/p>\n<p>\u00a0<\/p>\n<p><a href=\"https:\/\/www.tracea.ch\/wp-content\/uploads\/2026\/02\/Vente-VTT-occasion-5.jpg\"><img decoding=\"async\" class=\"aligncenter wp-image-35402 size-large\" src=\"https:\/\/www.tracea.ch\/wp-content\/uploads\/2026\/02\/Vente-VTT-occasion-5.jpg\" alt=\"\" width=\"1024\" height=\"724\"><\/a> <a href=\"https:\/\/www.tracea.ch\/wp-content\/uploads\/2026\/02\/Vente-VTT-occasion-4.jpg\"><img decoding=\"async\" class=\"aligncenter wp-image-35401 size-large\" src=\"https:\/\/www.tracea.ch\/wp-content\/uploads\/2026\/02\/Vente-VTT-occasion-4.jpg\" alt=\"\" width=\"1024\" height=\"724\"><\/a> <a href=\"https:\/\/www.tracea.ch\/wp-content\/uploads\/2026\/02\/Vente-VTT-occasion-3.jpg\"><img loading=\"lazy\" decoding=\"async\" class=\"aligncenter wp-image-35400 size-large\" src=\"https:\/\/www.tracea.ch\/wp-content\/uploads\/2026\/02\/Vente-VTT-occasion-3.jpg\" alt=\"\" width=\"1024\" height=\"724\"><\/a> <a href=\"https:\/\/www.tracea.ch\/wp-content\/uploads\/2026\/02\/Vente-VTT-occasion-2.jpg\"><img loading=\"lazy\" decoding=\"async\" class=\"aligncenter wp-image-35399 size-large\" src=\"https:\/\/www.tracea.ch\/wp-content\/uploads\/2026\/02\/Vente-VTT-occasion-2.jpg\" alt=\"\" width=\"1024\" height=\"724\"><\/a> <a href=\"https:\/\/www.tracea.ch\/wp-content\/uploads\/2026\/02\/Vente-VTT-occasion-1.jpg\"><img loading=\"lazy\" decoding=\"async\" class=\"aligncenter wp-image-35398 size-large\" src=\"https:\/\/www.tracea.ch\/wp-content\/uploads\/2026\/02\/Vente-VTT-occasion-1.jpg\" alt=\"\" width=\"1024\" height=\"724\"><\/a><\/p>","protected":false},"excerpt":{"rendered":"<p>Svendita da Tracea! In questo inizio d\u2019anno, alcune delle nostre biciclette sono in vendita. Approfittate di offerte eccezionali sulle nostre mountain bike elettriche e sulle biciclette per bambini. Di seguito troverete l\u2019elenco delle biciclette usate disponibili in vendita. \u00a0 \u00a0<\/p>","protected":false},"author":1,"featured_media":59856,"comment_status":"closed","ping_status":"closed","sticky":false,"template":"","format":"standard","meta":{"footnotes":""},"categories":[801],"tags":[808,891],"class_list":["post-59403","post","type-post","status-publish","format-standard","has-post-thumbnail","hentry","category-blog","tag-actualites","tag-vtt-electrique"],"_links":{"self":[{"href":"https:\/\/www.tracea.ch\/it\/wp-json\/wp\/v2\/posts\/59403","targetHints":{"allow":["GET"]}}],"collection":[{"href":"https:\/\/www.tracea.ch\/it\/wp-json\/wp\/v2\/posts"}],"about":[{"href":"https:\/\/www.tracea.ch\/it\/wp-json\/wp\/v2\/types\/post"}],"author":[{"embeddable":true,"href":"https:\/\/www.tracea.ch\/it\/wp-json\/wp\/v2\/users\/1"}],"replies":[{"embeddable":true,"href":"https:\/\/www.tracea.ch\/it\/wp-json\/wp\/v2\/comments?post=59403"}],"version-history":[{"count":2,"href":"https:\/\/www.tracea.ch\/it\/wp-json\/wp\/v2\/posts\/59403\/revisions"}],"predecessor-version":[{"id":60186,"href":"https:\/\/www.tracea.ch\/it\/wp-json\/wp\/v2\/posts\/59403\/revisions\/60186"}],"wp:featuredmedia":[{"embeddable":true,"href":"https:\/\/www.tracea.ch\/it\/wp-json\/wp\/v2\/media\/59856"}],"wp:attachment":[{"href":"https:\/\/www.tracea.ch\/it\/wp-json\/wp\/v2\/media?parent=59403"}],"wp:term":[{"taxonomy":"category","embeddable":true,"href":"https:\/\/www.tracea.ch\/it\/wp-json\/wp\/v2\/categories?post=59403"},{"taxonomy":"post_tag","embeddable":true,"href":"https:\/\/www.tracea.ch\/it\/wp-json\/wp\/v2\/tags?post=59403"}],"curies":[{"name":"wp","href":"https:\/\/api.w.org\/{rel}","templated":true}]}}