{"id":59426,"date":"2026-06-28T10:40:16","date_gmt":"2026-06-28T08:40:16","guid":{"rendered":"https:\/\/monvtt.ch\/?p=35763"},"modified":"2026-08-23T11:22:41","modified_gmt":"2026-08-23T11:22:41","slug":"monvtt-ch-evolue-une-nouvelle-aventure-commence","status":"publish","type":"post","link":"https:\/\/www.tracea.ch\/it\/blog\/monvtt-ch-evolue-une-nouvelle-aventure-commence\/","title":{"rendered":"tracea.ch si evolve\u2026 Inizia una nuova avventura!"},"content":{"rendered":"<h1>tracea.ch si evolve\u2026 Inizia una nuova avventura!<\/h1>\n<p class=\"isSelectedEnd\">Apr\u00e8s plusieurs ann\u00e9es \u00e0 partager notre passion du v\u00e9lo avec vous \u00e0 Saint-Cergue, une nouvelle page est sur le point de s&rsquo;\u00e9crire.<\/p>\n<p class=\"isSelectedEnd\"><strong>tracea.ch d\u00e9m\u00e9nagera prochainement dans de nouveaux locaux, toujours \u00e0 Saint-Cergue<\/strong>, afin de vous accueillir dans un espace plus grand, plus moderne et encore mieux adapt\u00e9 \u00e0 vos envies.<\/p>\n<p class=\"isSelectedEnd\">Mais ce changement va bien au-del\u00e0 d&rsquo;un simple d\u00e9m\u00e9nagement.<\/p>\n<p class=\"isSelectedEnd\">\u00c0 cette occasion, <strong>tracea.ch deviendra TRACEA<\/strong>, une nouvelle identit\u00e9 qui refl\u00e8te notre vision : vous accompagner dans vos aventures en pleine nature, tout au long de l&rsquo;ann\u00e9e.<\/p>\n<p class=\"isSelectedEnd\">Si le v\u00e9lo restera au c\u0153ur de notre ADN \u2013 VTT, VTT \u00e9lectrique, Gravel, v\u00e9lo de route, atelier, location, tests et sorties guid\u00e9es \u2013 TRACEA ouvrira \u00e9galement ses portes \u00e0 d&rsquo;autres activit\u00e9s de montagne et de plein air.<\/p>\n<p class=\"isSelectedEnd\">Notre ambition est de devenir <strong>la r\u00e9f\u00e9rence des sports outdoor 4 saisons dans le Jura vaudois<\/strong>, en proposant progressivement des \u00e9quipements, des conseils, des \u00e9v\u00e9nements et des exp\u00e9riences autour de disciplines telles que la randonn\u00e9e, le trail, le ski nordique, les raquettes et bien d&rsquo;autres activit\u00e9s de nature.<\/p>\n<p class=\"isSelectedEnd\">Ce nouveau magasin a \u00e9t\u00e9 imagin\u00e9 pour \u00eatre un v\u00e9ritable lieu de rencontre entre passionn\u00e9s, d\u00e9butants et familles, o\u00f9 chacun trouvera des conseils personnalis\u00e9s, des produits s\u00e9lectionn\u00e9s avec soin et une \u00e9quipe passionn\u00e9e \u00e0 son \u00e9coute.<\/p>\n<p class=\"isSelectedEnd\">Nous sommes impatients de vous faire d\u00e9couvrir ce nouvel univers.<\/p>\n<p class=\"isSelectedEnd\">\ud83d\udccd <strong>Toujours \u00e0 Saint-Cergue.<\/strong><br \/>\n\ud83d\udea7 Les travaux avancent et nous vous d\u00e9voilerons tr\u00e8s prochainement la date d&rsquo;ouverture, les premi\u00e8res photos ainsi que de nombreuses surprises.<\/p>\n<p class=\"isSelectedEnd\">Merci pour votre confiance et votre fid\u00e9lit\u00e9. C&rsquo;est gr\u00e2ce \u00e0 vous que cette belle aventure continue\u2026 et ce n&rsquo;est que le d\u00e9but.<\/p>\n<p><strong>Bienvenue bient\u00f4t chez TRACEA.<\/strong><br \/>\n<em>Votre terrain de jeu quatre saisons.<\/em><\/p>\n<p>\u00a0<\/p>\n<div class=\"wpmf-gallerys wpmf-gallerys-life\" ><div id=\"gallery-1\" class=\"gallery gallery_life wpmf_gallery_default gallery_default  gallery-columns-3 gallery-size-full gallery-link-none wpmf-has-border-radius-0 wpmf-gutterwidth-5 no_ratio\"><figure class=\"wpmf-gallery-item\" data-index=\"0\"><div class=\"wpmf-gallery-icon\"><div class=\"square_thumbnail\"><div class=\"img_centered\"><img decoding=\"async\" src=\"https:\/\/www.tracea.ch\/wp-content\/uploads\/2026\/Vaude\/45088_136_s_6.jpg\" data-type=\"wpmfgalleryimg\" data-attachment-id=\"35781\" data-wpmf-size=\"full\" alt=\"45088 136 S 6\"><\/div><\/div><\/div><\/figure><figure class=\"wpmf-gallery-item\" data-index=\"1\"><div class=\"wpmf-gallery-icon\"><div class=\"square_thumbnail\"><div class=\"img_centered\"><img decoding=\"async\" src=\"https:\/\/www.tracea.ch\/wp-content\/uploads\/2026\/Vaude\/45089_010_6.jpg\" data-type=\"wpmfgalleryimg\" data-attachment-id=\"35788\" data-wpmf-size=\"full\" alt=\"45089 010 6\"><\/div><\/div><\/div><\/figure><\/div><\/div>","protected":false},"excerpt":{"rendered":"<p>tracea.ch \u00e9volue&#8230; Une nouvelle aventure commence ! Apr\u00e8s plusieurs ann\u00e9es \u00e0 partager notre passion du v\u00e9lo avec vous \u00e0 Saint-Cergue, une nouvelle page est sur le point de s&rsquo;\u00e9crire. tracea.ch d\u00e9m\u00e9nagera prochainement dans de nouveaux locaux, toujours \u00e0 Saint-Cergue, afin de vous accueillir dans un espace plus grand, plus moderne et encore mieux adapt\u00e9 \u00e0 [&hellip;]<\/p>\n","protected":false},"author":1,"featured_media":59953,"comment_status":"closed","ping_status":"closed","sticky":false,"template":"","format":"standard","meta":{"footnotes":""},"categories":[801],"tags":[808,805,803,802],"class_list":["post-59426","post","type-post","status-publish","format-standard","has-post-thumbnail","hentry","category-blog","tag-actualites","tag-boutique-materiel","tag-location","tag-sorties-excursions"],"_links":{"self":[{"href":"https:\/\/www.tracea.ch\/it\/wp-json\/wp\/v2\/posts\/59426","targetHints":{"allow":["GET"]}}],"collection":[{"href":"https:\/\/www.tracea.ch\/it\/wp-json\/wp\/v2\/posts"}],"about":[{"href":"https:\/\/www.tracea.ch\/it\/wp-json\/wp\/v2\/types\/post"}],"author":[{"embeddable":true,"href":"https:\/\/www.tracea.ch\/it\/wp-json\/wp\/v2\/users\/1"}],"replies":[{"embeddable":true,"href":"https:\/\/www.tracea.ch\/it\/wp-json\/wp\/v2\/comments?post=59426"}],"version-history":[{"count":1,"href":"https:\/\/www.tracea.ch\/it\/wp-json\/wp\/v2\/posts\/59426\/revisions"}],"predecessor-version":[{"id":59996,"href":"https:\/\/www.tracea.ch\/it\/wp-json\/wp\/v2\/posts\/59426\/revisions\/59996"}],"wp:featuredmedia":[{"embeddable":true,"href":"https:\/\/www.tracea.ch\/it\/wp-json\/wp\/v2\/media\/59953"}],"wp:attachment":[{"href":"https:\/\/www.tracea.ch\/it\/wp-json\/wp\/v2\/media?parent=59426"}],"wp:term":[{"taxonomy":"category","embeddable":true,"href":"https:\/\/www.tracea.ch\/it\/wp-json\/wp\/v2\/categories?post=59426"},{"taxonomy":"post_tag","embeddable":true,"href":"https:\/\/www.tracea.ch\/it\/wp-json\/wp\/v2\/tags?post=59426"}],"curies":[{"name":"wp","href":"https:\/\/api.w.org\/{rel}","templated":true}]}}